{"id":22120,"date":"2024-03-30T14:02:21","date_gmt":"2024-03-30T19:02:21","guid":{"rendered":"https:\/\/sacramentoqr.com\/?p=22120"},"modified":"2024-03-30T19:02:23","modified_gmt":"2024-03-30T19:02:23","slug":"proponen-deducir-los-gastos-en-transporte","status":"publish","type":"post","link":"https:\/\/sacramentoqr.com\/?p=22120","title":{"rendered":"Proponen deducir los gastos en transporte"},"content":{"rendered":"<p>Ante las recurrentes alzas a la gasolina en los \u00faltimos a\u00f1os, incluido el actual sexenio, el Congreso de la Uni\u00f3n analiza una iniciativa para que se puedan deducir los gastos de transporte relacionados con el trabajo, como la gasolina, el peaje, transporte p\u00fablico o transporte privado, siempre y cuando \u00e9stos sean necesarios y se cuente con un comprobante fiscal.<\/p>\n<p>La iniciativa de la senadora del PRI e integrante de la Comisi\u00f3n de Defensa de los Consumidores, Cecilia S\u00e1nchez Garc\u00eda, busca compensar los gastos que tienen los trabajadores ante el alza en el precio del combustible, y una de las formas de retribuirles es deducir la gasolina que utilizan con motivo del traslado a sus centros de trabajo.<\/p>\n<p>Explic\u00f3 que \u201cesta medida ya se implementa en pa\u00edses de la Uni\u00f3n Europea, donde los trabajadores deducen los gastos de transporte como gasolina, peajes, transporte p\u00fablico, as\u00ed como taxis\u201d, siempre que se presente un comprobante fiscal.<\/p>\n<p>En Estados Unidos, explic\u00f3, los empleados pueden deducir el transporte si se cumplen con ciertos requisitos: que los viajes sean ordinarios y necesarios, que el empleado no sea reembolsado por su empleador y que se tenga un comprobante fiscal.<\/p>\n<p>La legisladora del PRI destac\u00f3 que su iniciativa, que reforma la Ley del Impuesto sobre la Renta, ayudar\u00e1 a compensar las erogaciones que realizan los trabajadores por combustible frente a los llamados gasolinazos que tiene el precio de estos productos en casi 25 pesos en litro en varios estados del pa\u00eds.<\/p>\n<p>La iniciativa fue turnada a la C\u00e1mara de Diputados y en la misma se argumenta que es tiempo de ayudar a los trabajadores, no s\u00f3lo a quien tiene un autom\u00f3vil, sino tambi\u00e9n a quienes utilizan el transporte p\u00fablico y los taxis, ya que no deja de subir el costo del pasaje y se paga tanto el de ida como el de regreso.<\/p>\n","protected":false},"excerpt":{"rendered":"<p>Ante las recurrentes alzas a la gasolina en los \u00faltimos a\u00f1os, incluido el actual sexenio,&#8230;<\/p>\n","protected":false},"author":1,"featured_media":22122,"comment_status":"open","ping_status":"closed","sticky":false,"template":"","format":"standard","meta":{"footnotes":""},"categories":[7],"tags":[],"class_list":["post-22120","post","type-post","status-publish","format-standard","has-post-thumbnail","hentry","category-nacional"],"_links":{"self":[{"href":"https:\/\/sacramentoqr.com\/index.php?rest_route=\/wp\/v2\/posts\/22120","targetHints":{"allow":["GET"]}}],"collection":[{"href":"https:\/\/sacramentoqr.com\/index.php?rest_route=\/wp\/v2\/posts"}],"about":[{"href":"https:\/\/sacramentoqr.com\/index.php?rest_route=\/wp\/v2\/types\/post"}],"author":[{"embeddable":true,"href":"https:\/\/sacramentoqr.com\/index.php?rest_route=\/wp\/v2\/users\/1"}],"replies":[{"embeddable":true,"href":"https:\/\/sacramentoqr.com\/index.php?rest_route=%2Fwp%2Fv2%2Fcomments&post=22120"}],"version-history":[{"count":1,"href":"https:\/\/sacramentoqr.com\/index.php?rest_route=\/wp\/v2\/posts\/22120\/revisions"}],"predecessor-version":[{"id":22121,"href":"https:\/\/sacramentoqr.com\/index.php?rest_route=\/wp\/v2\/posts\/22120\/revisions\/22121"}],"wp:featuredmedia":[{"embeddable":true,"href":"https:\/\/sacramentoqr.com\/index.php?rest_route=\/wp\/v2\/media\/22122"}],"wp:attachment":[{"href":"https:\/\/sacramentoqr.com\/index.php?rest_route=%2Fwp%2Fv2%2Fmedia&parent=22120"}],"wp:term":[{"taxonomy":"category","embeddable":true,"href":"https:\/\/sacramentoqr.com\/index.php?rest_route=%2Fwp%2Fv2%2Fcategories&post=22120"},{"taxonomy":"post_tag","embeddable":true,"href":"https:\/\/sacramentoqr.com\/index.php?rest_route=%2Fwp%2Fv2%2Ftags&post=22120"}],"curies":[{"name":"wp","href":"https:\/\/api.w.org\/{rel}","templated":true}]}}