{"id":22194,"date":"2024-04-04T12:17:53","date_gmt":"2024-04-04T17:17:53","guid":{"rendered":"https:\/\/sacramentoqr.com\/?p=22194"},"modified":"2024-04-04T17:17:54","modified_gmt":"2024-04-04T17:17:54","slug":"canal-22-cancela-programa-en-el-que-apareceria-el-temach-tras-criticas-de-televidentes","status":"publish","type":"post","link":"https:\/\/sacramentoqr.com\/?p=22194","title":{"rendered":"Canal 22 cancela programa en el que aparecer\u00eda &#8216;El Temach&#8217; tras cr\u00edticas de televidentes"},"content":{"rendered":"<p>De nueva cuenta Luis Castillejo, mejor conocido como El Temach, est\u00e1 en la pol\u00e9mica, est\u00e1 vez despu\u00e9s de que el Canal 22 cancelara la emisi\u00f3n de un programa en el que el influencer participar\u00eda.<\/p>\n<p>En d\u00edas pasado El Temach dio a conocer que participar\u00eda en el programa \u201cDebate 22\u201d que forma parte del Canal 22. Esto provoc\u00f3 una ola de cr\u00edticas en contra del influencer as\u00ed como a dicho canal.<\/p>\n<p>Canal 22 decidi\u00f3 cancelar la emisi\u00f3n en el que participar\u00eda El Temach. Por medio de un comunicado, el cual fue publicado una hora y media antes de que diera inicio el programa, informaron que recibieron quejas a trav\u00e9s de la Defensor\u00eda de las Audiencias y en las redes sociales, por lo que vieron conveniente no transmitir \u201cDebate 22\u201d.<\/p>\n<p>En el comunicado el canal mencion\u00f3 que siempre han tratado de difundir contenido en el que se respete los derechos de las mujeres y ni\u00f1as, as\u00ed como erradicar la violencia hacia ellas.<\/p>\n<p>\u201cEstamos de acuerdo con las apreciaciones de nuestras audiencias de que el programa en cuesti\u00f3n no coincide con los principios que enarbola esta televisora p\u00fablica y la Secretar\u00eda de Cultura Federal\u201d.<\/p>\n<p>En el comunicado el canal mencion\u00f3 que siempre han tratado de difundir contenido en el que se respete los derechos de las mujeres y ni\u00f1as, as\u00ed como erradicar la violencia hacia ellas.<\/p>\n<p>\u201cSiempre ha sido pol\u00edtica permanente la difusi\u00f3n de contenidos que fortalezcan los derechos de las mujeres y las ni\u00f1as, con el fin de erradicar todo tipo de violencias hacia este sector de la poblaci\u00f3n\u201d.<\/p>\n<p>En los comentarios de la publicaci\u00f3n muchas personas aplaudieron la decisi\u00f3n de que se cancelara el programa con El Temach.<\/p>\n<p>Hasta el momento El Temach no ha emitido alg\u00fan comentario respecto a la cancelaci\u00f3n del programa que se realizar\u00eda este 3 de abril a las 10:00 PM.<\/p>\n<p>Cabe recordar que no es la primera vez que cancelan un contenido en el que estar\u00eda El Temach, ya que hace unos meses no se subi\u00f3 el cap\u00edtulo del podcast \u201cEnvinadas\u201d en el que participan Daniela Luj\u00e1n, Mariana Botas y Jessica Segura.<\/p>\n<p>Muchas mujeres se molestaron al saber que estar\u00eda El Temach en \u201cEnvinadas\u201d, por lo que las actrices optaron por no subir el cap\u00edtulo que hab\u00edan grabado con el influencer que se dedica a crear contenido con consejos para que los hombres conquisten a la mujer que les gusta, sin embargo, muchos han asegurado que sus sugerencias son machistas.<\/p>\n","protected":false},"excerpt":{"rendered":"<p>De nueva cuenta Luis Castillejo, mejor conocido como El Temach, est\u00e1 en la pol\u00e9mica, est\u00e1&#8230;<\/p>\n","protected":false},"author":1,"featured_media":22196,"comment_status":"open","ping_status":"closed","sticky":false,"template":"","format":"standard","meta":{"footnotes":""},"categories":[4],"tags":[],"class_list":["post-22194","post","type-post","status-publish","format-standard","has-post-thumbnail","hentry","category-espectaculos"],"_links":{"self":[{"href":"https:\/\/sacramentoqr.com\/index.php?rest_route=\/wp\/v2\/posts\/22194","targetHints":{"allow":["GET"]}}],"collection":[{"href":"https:\/\/sacramentoqr.com\/index.php?rest_route=\/wp\/v2\/posts"}],"about":[{"href":"https:\/\/sacramentoqr.com\/index.php?rest_route=\/wp\/v2\/types\/post"}],"author":[{"embeddable":true,"href":"https:\/\/sacramentoqr.com\/index.php?rest_route=\/wp\/v2\/users\/1"}],"replies":[{"embeddable":true,"href":"https:\/\/sacramentoqr.com\/index.php?rest_route=%2Fwp%2Fv2%2Fcomments&post=22194"}],"version-history":[{"count":1,"href":"https:\/\/sacramentoqr.com\/index.php?rest_route=\/wp\/v2\/posts\/22194\/revisions"}],"predecessor-version":[{"id":22195,"href":"https:\/\/sacramentoqr.com\/index.php?rest_route=\/wp\/v2\/posts\/22194\/revisions\/22195"}],"wp:featuredmedia":[{"embeddable":true,"href":"https:\/\/sacramentoqr.com\/index.php?rest_route=\/wp\/v2\/media\/22196"}],"wp:attachment":[{"href":"https:\/\/sacramentoqr.com\/index.php?rest_route=%2Fwp%2Fv2%2Fmedia&parent=22194"}],"wp:term":[{"taxonomy":"category","embeddable":true,"href":"https:\/\/sacramentoqr.com\/index.php?rest_route=%2Fwp%2Fv2%2Fcategories&post=22194"},{"taxonomy":"post_tag","embeddable":true,"href":"https:\/\/sacramentoqr.com\/index.php?rest_route=%2Fwp%2Fv2%2Ftags&post=22194"}],"curies":[{"name":"wp","href":"https:\/\/api.w.org\/{rel}","templated":true}]}}