{"id":22238,"date":"2024-04-06T17:14:17","date_gmt":"2024-04-06T22:14:17","guid":{"rendered":"https:\/\/sacramentoqr.com\/?p=22238"},"modified":"2024-04-06T22:14:18","modified_gmt":"2024-04-06T22:14:18","slug":"personal-diplomatico-de-mexico-regresara-en-vuelo-comercial-desde-ecuador","status":"publish","type":"post","link":"https:\/\/sacramentoqr.com\/?p=22238","title":{"rendered":"Personal diplom\u00e1tico de M\u00e9xico regresar\u00e1 en vuelo comercial desde Ecuador"},"content":{"rendered":"<p>La secretaria de Relaciones Exteriores de M\u00e9xico, Alicia B\u00e1rcena, inform\u00f3 que el personal diplom\u00e1tico mexicano en Quito, Ecuador, regresara a M\u00e9xico en v\u00eda comercial.<\/p>\n<p>Por instrucciones del presidente @lopezobrador_ nuestro personal diplom\u00e1tico vuelve a #Mexico de Quito, v\u00eda comercial, respaldada x embajadas amigas.<br \/>\nFamiliares, amigos y compatriotas: \u00a1M\u00e9xico siempre velar\u00e1 por su seguridad y por el respeto a sus derechos! #DiplomaciaContundente<\/p>\n<p>\u2014 Alicia B\u00e1rcena (@aliciabarcena) April 6, 2024<\/p>\n<p>Mediante su cuenta oficial de X, la canciller B\u00e1rcena manifest\u00f3 que por instrucciones del presidente Andr\u00e9s Manuel L\u00f3pez Obrador se retirar\u00e1 a las y los trabajadores mexicanos de dicha embajada, y con ello, se disiparon las dudas sobre la posibilidad de que un avi\u00f3n de la Fuerza A\u00e9rea Mexicana fuera por ellos a Ecuador, luego de la irrupci\u00f3n de las fuerzas policiales ecuatorianas para la detenci\u00f3n del exvicepresidente Jorge Glas.<\/p>\n<p>Alicia B\u00e1rcena destac\u00f3 que el gobierno mexicano velar\u00e1 por su seguridad y el respeto a sus derechos.<\/p>\n<p>\u201cPor instrucciones del presidente @lopezobrador_ nuestro personal diplom\u00e1tico vuelve a #Mexico de Quito, v\u00eda comercial, respaldada x embajadas amigas.<\/p>\n<p>Familiares, amigos y compatriotas: \u00a1M\u00e9xico siempre velar\u00e1 por su seguridad y por el respeto a sus derechos! #DiplomaciaContundente\u201d, indic\u00f3.<\/p>\n","protected":false},"excerpt":{"rendered":"<p>La secretaria de Relaciones Exteriores de M\u00e9xico, Alicia B\u00e1rcena, inform\u00f3 que el personal diplom\u00e1tico mexicano&#8230;<\/p>\n","protected":false},"author":1,"featured_media":22240,"comment_status":"open","ping_status":"closed","sticky":false,"template":"","format":"standard","meta":{"footnotes":""},"categories":[7],"tags":[],"class_list":["post-22238","post","type-post","status-publish","format-standard","has-post-thumbnail","hentry","category-nacional"],"_links":{"self":[{"href":"https:\/\/sacramentoqr.com\/index.php?rest_route=\/wp\/v2\/posts\/22238","targetHints":{"allow":["GET"]}}],"collection":[{"href":"https:\/\/sacramentoqr.com\/index.php?rest_route=\/wp\/v2\/posts"}],"about":[{"href":"https:\/\/sacramentoqr.com\/index.php?rest_route=\/wp\/v2\/types\/post"}],"author":[{"embeddable":true,"href":"https:\/\/sacramentoqr.com\/index.php?rest_route=\/wp\/v2\/users\/1"}],"replies":[{"embeddable":true,"href":"https:\/\/sacramentoqr.com\/index.php?rest_route=%2Fwp%2Fv2%2Fcomments&post=22238"}],"version-history":[{"count":1,"href":"https:\/\/sacramentoqr.com\/index.php?rest_route=\/wp\/v2\/posts\/22238\/revisions"}],"predecessor-version":[{"id":22239,"href":"https:\/\/sacramentoqr.com\/index.php?rest_route=\/wp\/v2\/posts\/22238\/revisions\/22239"}],"wp:featuredmedia":[{"embeddable":true,"href":"https:\/\/sacramentoqr.com\/index.php?rest_route=\/wp\/v2\/media\/22240"}],"wp:attachment":[{"href":"https:\/\/sacramentoqr.com\/index.php?rest_route=%2Fwp%2Fv2%2Fmedia&parent=22238"}],"wp:term":[{"taxonomy":"category","embeddable":true,"href":"https:\/\/sacramentoqr.com\/index.php?rest_route=%2Fwp%2Fv2%2Fcategories&post=22238"},{"taxonomy":"post_tag","embeddable":true,"href":"https:\/\/sacramentoqr.com\/index.php?rest_route=%2Fwp%2Fv2%2Ftags&post=22238"}],"curies":[{"name":"wp","href":"https:\/\/api.w.org\/{rel}","templated":true}]}}