{"id":22256,"date":"2024-04-07T11:34:39","date_gmt":"2024-04-07T16:34:39","guid":{"rendered":"https:\/\/sacramentoqr.com\/?p=22256"},"modified":"2024-04-07T16:34:41","modified_gmt":"2024-04-07T16:34:41","slug":"pina-llevo-la-musica-del-barrio-al-mundo","status":"publish","type":"post","link":"https:\/\/sacramentoqr.com\/?p=22256","title":{"rendered":"Pi\u00f1a llev\u00f3 la m\u00fasica del barrio al mundo"},"content":{"rendered":"<p>A lo largo de Latinoam\u00e9rica hay distintas expresiones culturales que pa\u00edses lejanos entre s\u00ed pueden compartir en su d\u00eda a d\u00eda. Sin duda, la m\u00fasica es uno de los factores que menos barreras encuentran a la hora de pasar un momento de diversi\u00f3n, por lo que en este aniversario de su nacimiento, recordamos al Rebelde del acorde\u00f3n, Celso Pi\u00f1a.<\/p>\n<p>Mientras el ma\u00edz, el cacao o el aguacate pueden dar lugar a discusiones para afirmar que la cocina de uno u otro pa\u00eds presume m\u00e1s m\u00e9ritos, o debates sin fin sobre si es preferible decir aguacate o palta, las cumbias son un legado com\u00fan que s\u00f3lo desata fiesta y baile.<\/p>\n<p>Nunca est\u00e1 de m\u00e1s recordarlo: los latinos tienen fama de fiesteros, y no es descabellado pensar que eso contribuy\u00f3 al \u00e9xito del regiomontano. Esta ocasi\u00f3n toca dar un vistazo a la trayectoria del acordeonista que revolucion\u00f3 la cumbia para compartirla con el mundo.<\/p>\n<p>Sin querer, un tuit fue su despedida<\/p>\n<p>Este d\u00eda EL UNIVERSAL quiz\u00e1 publicar\u00eda una nota por el festejo 71 del cumplea\u00f1os del pionero de los sonideros, quien por desgracia falleci\u00f3 a los 66 a\u00f1os el 21 agosto de 2019.<\/p>\n<p>El \u00faltimo concierto de Pi\u00f1a fue a mediados de julio de 2019, en el Surf Music Fest de Acapulco. A pesar de ello, es dif\u00edcil evitar la sensaci\u00f3n de que la despedida del bravo y regio acordeonista fue un tuit de 2017.<\/p>\n<p>La m\u00fasica del barrio triunfa donde haya barrio<\/p>\n<p>Este m\u00fasico ten\u00eda talento para atrapar la atenci\u00f3n con su entusiasmo al teclear el acorde\u00f3n, pues cuando interactuaba con el p\u00fablico arrancaba gritos de alegr\u00eda que estallaban al mismo tiempo que metales, cuerdas y tambores de \u201csu Bogot\u00e1\u201d.<\/p>\n<p>Sin embargo, para los conocedores resalta m\u00e1s la versatilidad que ten\u00eda para cantar y tocar entre distintos g\u00e9neros musicales, sin mencionar la capacidad que demostr\u00f3 para fusionar g\u00e9neros y llevarlos de un lado a otro.<\/p>\n<p>Pi\u00f1a, quien creci\u00f3 en el barrio regiomontano de la colonia Independencia, hizo un esfuerzo significativo en su tarea de introducir la m\u00fasica tropical a los neoleoneses.<\/p>\n<p>El productor mexicano Camilo Lara coment\u00f3 en 2019 a El Pa\u00eds que el cari\u00f1o de un p\u00fablico que se encuentra desde el sure\u00f1o Estados Unidos hasta los confines de Sudam\u00e9rica, as\u00ed como el respeto de artistas de tantos g\u00e9neros distintos, se traducir\u00eda en el \u00e9xito de los experimentos musicales de Pi\u00f1a, tanto con p\u00fablico como con creadores.<\/p>\n<p>En sus inicios, los medios hab\u00edan intentado invisibilizarlo y omitirlo, de acuerdo con antrop\u00f3logos de Colombia. Quiz\u00e1 por eso es que, simp\u00e1tico pero siempre rebelde, aquel \u00faltimo tuit insist\u00eda en que nadie se resiste a la cumbia.<\/p>\n","protected":false},"excerpt":{"rendered":"<p>A lo largo de Latinoam\u00e9rica hay distintas expresiones culturales que pa\u00edses lejanos entre s\u00ed pueden&#8230;<\/p>\n","protected":false},"author":1,"featured_media":22258,"comment_status":"open","ping_status":"closed","sticky":false,"template":"","format":"standard","meta":{"footnotes":""},"categories":[7],"tags":[],"class_list":["post-22256","post","type-post","status-publish","format-standard","has-post-thumbnail","hentry","category-nacional"],"_links":{"self":[{"href":"https:\/\/sacramentoqr.com\/index.php?rest_route=\/wp\/v2\/posts\/22256","targetHints":{"allow":["GET"]}}],"collection":[{"href":"https:\/\/sacramentoqr.com\/index.php?rest_route=\/wp\/v2\/posts"}],"about":[{"href":"https:\/\/sacramentoqr.com\/index.php?rest_route=\/wp\/v2\/types\/post"}],"author":[{"embeddable":true,"href":"https:\/\/sacramentoqr.com\/index.php?rest_route=\/wp\/v2\/users\/1"}],"replies":[{"embeddable":true,"href":"https:\/\/sacramentoqr.com\/index.php?rest_route=%2Fwp%2Fv2%2Fcomments&post=22256"}],"version-history":[{"count":1,"href":"https:\/\/sacramentoqr.com\/index.php?rest_route=\/wp\/v2\/posts\/22256\/revisions"}],"predecessor-version":[{"id":22257,"href":"https:\/\/sacramentoqr.com\/index.php?rest_route=\/wp\/v2\/posts\/22256\/revisions\/22257"}],"wp:featuredmedia":[{"embeddable":true,"href":"https:\/\/sacramentoqr.com\/index.php?rest_route=\/wp\/v2\/media\/22258"}],"wp:attachment":[{"href":"https:\/\/sacramentoqr.com\/index.php?rest_route=%2Fwp%2Fv2%2Fmedia&parent=22256"}],"wp:term":[{"taxonomy":"category","embeddable":true,"href":"https:\/\/sacramentoqr.com\/index.php?rest_route=%2Fwp%2Fv2%2Fcategories&post=22256"},{"taxonomy":"post_tag","embeddable":true,"href":"https:\/\/sacramentoqr.com\/index.php?rest_route=%2Fwp%2Fv2%2Ftags&post=22256"}],"curies":[{"name":"wp","href":"https:\/\/api.w.org\/{rel}","templated":true}]}}