{"id":22274,"date":"2024-04-08T10:20:06","date_gmt":"2024-04-08T15:20:06","guid":{"rendered":"https:\/\/sacramentoqr.com\/?p=22274"},"modified":"2024-04-08T15:20:07","modified_gmt":"2024-04-08T15:20:07","slug":"donald-trump-descarta-la-prohibicion-nacional-del-aborto-y-se-lo-deja-a-los-estados","status":"publish","type":"post","link":"https:\/\/sacramentoqr.com\/?p=22274","title":{"rendered":"Donald Trump descarta la prohibici\u00f3n nacional del aborto y se lo deja a los estados"},"content":{"rendered":"<p>El virtual candidato presidencial republicano Donald Trump opin\u00f3 este lunes que la legalidad del aborto deber\u00eda quedar en manos de cada estado y descart\u00f3 una prohibici\u00f3n a nivel nacional.<\/p>\n<p>En un video de unos cuatro minutos en su red social, el expresidente reiter\u00f3 que est\u00e1 orgulloso de haber designado una mayor\u00eda de jueces conservadores en el Tribunal Supremo de Justicia que, en 2022, anul\u00f3 las protecciones a la interrupci\u00f3n del embarazo.<\/p>\n<p>\u00abMi opini\u00f3n es que ahora, en lo que se refiere al aborto, estamos donde todos quer\u00edan estar desde un punto de vista legal\u00bb, escribi\u00f3 Trump en su &#8216;Truth Social&#8217;.<\/p>\n<p>\u00abLos estados determinar\u00e1n mediante votaci\u00f3n o legislaci\u00f3n, o tal vez ambas v\u00edas, y lo que decidan ser\u00e1 la ley\u00bb, a\u00f1adi\u00f3.<\/p>\n<p>La declaraci\u00f3n probablemente decepcionar\u00e1 a los grupos m\u00e1s militantes que pujan por una veda del aborto a nivel nacional, especialmente dado que con anterioridad la campa\u00f1a presidencial de Trump mencion\u00f3 una prohibici\u00f3n del procedimiento despu\u00e9s de la decimoquinta semana de gestaci\u00f3n a nivel nacional.<\/p>\n<p>Trump reiter\u00f3 su apoyo a excepciones que permitan el aborto en casos de violaci\u00f3n, incesto o cuando est\u00e9 en peligro la vida de la madre. A\u00f1adi\u00f3, asimismo, que est\u00e1 de acuerdo con procedimientos como la fertilizaci\u00f3n in vitro.<\/p>\n<p>\u00abMuchos estados ser\u00e1n diferentes\u00bb, explic\u00f3 el exmandatario conservador. \u00abTendr\u00e1n un n\u00famero diferente de semanas (permitidas para interrumpir la gestaci\u00f3n) y algunos ser\u00e1n m\u00e1s conservadores que otros\u00bb, a\u00f1adi\u00f3.<\/p>\n<p>Para Trump \u00abcada uno debe seguir lo que siente, o en muchos casos, su religi\u00f3n o su fe\u00bb.<\/p>\n","protected":false},"excerpt":{"rendered":"<p>El virtual candidato presidencial republicano Donald Trump opin\u00f3 este lunes que la legalidad del aborto&#8230;<\/p>\n","protected":false},"author":1,"featured_media":22276,"comment_status":"open","ping_status":"closed","sticky":false,"template":"","format":"standard","meta":{"footnotes":""},"categories":[5],"tags":[],"class_list":["post-22274","post","type-post","status-publish","format-standard","has-post-thumbnail","hentry","category-internacional"],"_links":{"self":[{"href":"https:\/\/sacramentoqr.com\/index.php?rest_route=\/wp\/v2\/posts\/22274","targetHints":{"allow":["GET"]}}],"collection":[{"href":"https:\/\/sacramentoqr.com\/index.php?rest_route=\/wp\/v2\/posts"}],"about":[{"href":"https:\/\/sacramentoqr.com\/index.php?rest_route=\/wp\/v2\/types\/post"}],"author":[{"embeddable":true,"href":"https:\/\/sacramentoqr.com\/index.php?rest_route=\/wp\/v2\/users\/1"}],"replies":[{"embeddable":true,"href":"https:\/\/sacramentoqr.com\/index.php?rest_route=%2Fwp%2Fv2%2Fcomments&post=22274"}],"version-history":[{"count":1,"href":"https:\/\/sacramentoqr.com\/index.php?rest_route=\/wp\/v2\/posts\/22274\/revisions"}],"predecessor-version":[{"id":22275,"href":"https:\/\/sacramentoqr.com\/index.php?rest_route=\/wp\/v2\/posts\/22274\/revisions\/22275"}],"wp:featuredmedia":[{"embeddable":true,"href":"https:\/\/sacramentoqr.com\/index.php?rest_route=\/wp\/v2\/media\/22276"}],"wp:attachment":[{"href":"https:\/\/sacramentoqr.com\/index.php?rest_route=%2Fwp%2Fv2%2Fmedia&parent=22274"}],"wp:term":[{"taxonomy":"category","embeddable":true,"href":"https:\/\/sacramentoqr.com\/index.php?rest_route=%2Fwp%2Fv2%2Fcategories&post=22274"},{"taxonomy":"post_tag","embeddable":true,"href":"https:\/\/sacramentoqr.com\/index.php?rest_route=%2Fwp%2Fv2%2Ftags&post=22274"}],"curies":[{"name":"wp","href":"https:\/\/api.w.org\/{rel}","templated":true}]}}