{"id":22289,"date":"2024-04-10T08:35:19","date_gmt":"2024-04-10T13:35:19","guid":{"rendered":"https:\/\/sacramentoqr.com\/?p=22289"},"modified":"2024-04-10T13:35:20","modified_gmt":"2024-04-10T13:35:20","slug":"emilio-lara-se-ira-del-america-el-canterano-no-entra-en-los-planes-de-andre-jardine","status":"publish","type":"post","link":"https:\/\/sacramentoqr.com\/?p=22289","title":{"rendered":"\u00a1Emilio Lara se ir\u00e1 del Am\u00e9rica! El canterano no entra en los planes de Andr\u00e9 Jardine"},"content":{"rendered":"<p>Ya no est\u00e1 en los planes del equipo y en verano se va. Am\u00e9rica ya tom\u00f3 una decisi\u00f3n con el futuro de Emilio Lara y el canterano deber\u00e1 continuar su carrera lejos del Nido.<\/p>\n<p>R\u00c9CORD pudo saber que de momento no tiene definido su destino, pero que en alg\u00fan momento hubo sondeos de Xolos y Santos, por lo que su siguiente equipo podr\u00eda estar en el norte del pa\u00eds, aunque a\u00fan hay tiempo para el pr\u00f3ximo mercado de fichajes.<\/p>\n<p>El lateral derecho comenz\u00f3 su carrera con mucha proyecci\u00f3n y se hab\u00eda ganado el aprecio de la afici\u00f3n en sus primeras actuaciones, sin embargo, una vez que parec\u00eda estar consolidado en el primer equipo al interior confirmaron que perdi\u00f3 el piso, se distrajo y dej\u00f3 de ser el jugador que acostumbraba ser en la cantera.<\/p>\n<p>Adem\u00e1s, se le suman sus constantes errores en defensa que han costado goles que terminan valiendo puntos; inclusive el cuerpo t\u00e9cnico de Andr\u00e9 Jardine lo recorri\u00f3 a la defensa central buscando encontrarle una mejor posici\u00f3n, pero las fallas continuaron y hoy le est\u00e1n costando su permanencia en el club.<\/p>\n","protected":false},"excerpt":{"rendered":"<p>Ya no est\u00e1 en los planes del equipo y en verano se va. Am\u00e9rica ya&#8230;<\/p>\n","protected":false},"author":1,"featured_media":22291,"comment_status":"open","ping_status":"closed","sticky":false,"template":"","format":"standard","meta":{"footnotes":""},"categories":[3],"tags":[],"class_list":["post-22289","post","type-post","status-publish","format-standard","has-post-thumbnail","hentry","category-deportes"],"_links":{"self":[{"href":"https:\/\/sacramentoqr.com\/index.php?rest_route=\/wp\/v2\/posts\/22289","targetHints":{"allow":["GET"]}}],"collection":[{"href":"https:\/\/sacramentoqr.com\/index.php?rest_route=\/wp\/v2\/posts"}],"about":[{"href":"https:\/\/sacramentoqr.com\/index.php?rest_route=\/wp\/v2\/types\/post"}],"author":[{"embeddable":true,"href":"https:\/\/sacramentoqr.com\/index.php?rest_route=\/wp\/v2\/users\/1"}],"replies":[{"embeddable":true,"href":"https:\/\/sacramentoqr.com\/index.php?rest_route=%2Fwp%2Fv2%2Fcomments&post=22289"}],"version-history":[{"count":1,"href":"https:\/\/sacramentoqr.com\/index.php?rest_route=\/wp\/v2\/posts\/22289\/revisions"}],"predecessor-version":[{"id":22290,"href":"https:\/\/sacramentoqr.com\/index.php?rest_route=\/wp\/v2\/posts\/22289\/revisions\/22290"}],"wp:featuredmedia":[{"embeddable":true,"href":"https:\/\/sacramentoqr.com\/index.php?rest_route=\/wp\/v2\/media\/22291"}],"wp:attachment":[{"href":"https:\/\/sacramentoqr.com\/index.php?rest_route=%2Fwp%2Fv2%2Fmedia&parent=22289"}],"wp:term":[{"taxonomy":"category","embeddable":true,"href":"https:\/\/sacramentoqr.com\/index.php?rest_route=%2Fwp%2Fv2%2Fcategories&post=22289"},{"taxonomy":"post_tag","embeddable":true,"href":"https:\/\/sacramentoqr.com\/index.php?rest_route=%2Fwp%2Fv2%2Ftags&post=22289"}],"curies":[{"name":"wp","href":"https:\/\/api.w.org\/{rel}","templated":true}]}}