{"id":22304,"date":"2024-04-11T08:39:26","date_gmt":"2024-04-11T13:39:26","guid":{"rendered":"https:\/\/sacramentoqr.com\/?p=22304"},"modified":"2024-04-11T13:39:27","modified_gmt":"2024-04-11T13:39:27","slug":"aaron-rodgers-tras-lesionarse-el-tendon-de-aquiles-pense-en-retirarme","status":"publish","type":"post","link":"https:\/\/sacramentoqr.com\/?p=22304","title":{"rendered":"Aaron Rodgers tras lesionarse el tend\u00f3n de Aquiles: \u00abPens\u00e9 en retirarme\u00bb"},"content":{"rendered":"<p>Aaron Rodgers reconoci\u00f3 durante una aparici\u00f3n en un p\u00f3dcast esta semana que brevemente pens\u00f3 que su carrera como jugador podr\u00eda haber terminado despu\u00e9s de romperse el tend\u00f3n de Aquiles izquierdo en el primer partido de la temporada de los New York Jets.<\/p>\n<p>\u201cRealmente estaba pensando: &#8216;Esto es todo&#8217;. Uno no regresa de esta lesi\u00f3n&#8217;\u201d, dijo el mariscal de campo de 40 a\u00f1os durante una amplia entrevista de dos horas y media en el p\u00f3dcast \u201cI Can Fly\u201d, que se public\u00f3 el martes.<\/p>\n<p>Rodgers, canjeado a los Jets la temporada baja pasada despu\u00e9s de 18 a\u00f1os con los Green Bay Packers, se lesion\u00f3 apenas cuatro jugadas despu\u00e9s de su debut con Nueva York el 11 de septiembre.<\/p>\n<p>\u201cTuve esta incre\u00edble experiencia fuera de temporada en una ciudad nueva, en un pueblo nuevo, con nuevos compa\u00f1eros de equipo, una nueva organizaci\u00f3n, un propietario por primera vez y realmente volver a enamorarme del juego del que me enamor\u00e9 por primera vez cuando Ten\u00eda 5 a\u00f1os\u201d, dijo Rodgers. \u201cY fue absolutamente hermoso, especial, profundo, rico, delicioso y simplemente incre\u00edble.<\/p>\n<p>\u201cY luego, una de las noches m\u00e1s desgarradoras de mi vida, cuando represent\u00e9 cuatro obras. Habla de la muerte del ego\u201d.<\/p>\n<p>Rodgers dijo que r\u00e1pidamente comenz\u00f3 a investigar la cirug\u00eda de Kobe Bryant para reparar una lesi\u00f3n similar durante sus d\u00edas como jugador con Los Angeles Lakers y \u00abel d\u00eda del juicio final de mi carrera comenz\u00f3 a desaparecer\u00bb.<\/p>\n","protected":false},"excerpt":{"rendered":"<p>Aaron Rodgers reconoci\u00f3 durante una aparici\u00f3n en un p\u00f3dcast esta semana que brevemente pens\u00f3 que&#8230;<\/p>\n","protected":false},"author":1,"featured_media":22306,"comment_status":"open","ping_status":"closed","sticky":false,"template":"","format":"standard","meta":{"footnotes":""},"categories":[3],"tags":[],"class_list":["post-22304","post","type-post","status-publish","format-standard","has-post-thumbnail","hentry","category-deportes"],"_links":{"self":[{"href":"https:\/\/sacramentoqr.com\/index.php?rest_route=\/wp\/v2\/posts\/22304","targetHints":{"allow":["GET"]}}],"collection":[{"href":"https:\/\/sacramentoqr.com\/index.php?rest_route=\/wp\/v2\/posts"}],"about":[{"href":"https:\/\/sacramentoqr.com\/index.php?rest_route=\/wp\/v2\/types\/post"}],"author":[{"embeddable":true,"href":"https:\/\/sacramentoqr.com\/index.php?rest_route=\/wp\/v2\/users\/1"}],"replies":[{"embeddable":true,"href":"https:\/\/sacramentoqr.com\/index.php?rest_route=%2Fwp%2Fv2%2Fcomments&post=22304"}],"version-history":[{"count":1,"href":"https:\/\/sacramentoqr.com\/index.php?rest_route=\/wp\/v2\/posts\/22304\/revisions"}],"predecessor-version":[{"id":22305,"href":"https:\/\/sacramentoqr.com\/index.php?rest_route=\/wp\/v2\/posts\/22304\/revisions\/22305"}],"wp:featuredmedia":[{"embeddable":true,"href":"https:\/\/sacramentoqr.com\/index.php?rest_route=\/wp\/v2\/media\/22306"}],"wp:attachment":[{"href":"https:\/\/sacramentoqr.com\/index.php?rest_route=%2Fwp%2Fv2%2Fmedia&parent=22304"}],"wp:term":[{"taxonomy":"category","embeddable":true,"href":"https:\/\/sacramentoqr.com\/index.php?rest_route=%2Fwp%2Fv2%2Fcategories&post=22304"},{"taxonomy":"post_tag","embeddable":true,"href":"https:\/\/sacramentoqr.com\/index.php?rest_route=%2Fwp%2Fv2%2Ftags&post=22304"}],"curies":[{"name":"wp","href":"https:\/\/api.w.org\/{rel}","templated":true}]}}