{"id":22313,"date":"2024-04-11T10:33:27","date_gmt":"2024-04-11T15:33:27","guid":{"rendered":"https:\/\/sacramentoqr.com\/?p=22313"},"modified":"2024-04-11T15:33:28","modified_gmt":"2024-04-11T15:33:28","slug":"kim-jong-un-insta-en-universidad-militar-a-estar-mas-preparados-que-nunca-para-la-guerra","status":"publish","type":"post","link":"https:\/\/sacramentoqr.com\/?p=22313","title":{"rendered":"Kim Jong-un insta en universidad militar a \u201cestar m\u00e1s preparados que nunca para la guerra\u201d"},"content":{"rendered":"<p>El l\u00edder norcoreano, Kim Jong-un, ha instado en una visita a la Universidad Pol\u00edtico Militar Kim Jong-il a \u201cestar m\u00e1s preparados que nunca para la guerra\u201d ante la \u201ccompleja situaci\u00f3n internacional\u201d, seg\u00fan informaron este jueves medios estatales.<\/p>\n<p>Kim visit\u00f3 e inspeccion\u00f3 a fondo el mi\u00e9rcoles las instalaciones de la academia (fundada en 1973 y a la que da nombre su padre, fallecido en 2011) en compa\u00f1\u00eda de altos cargos como Pak Jong-chon, vicepresidente de la Comisi\u00f3n Militar Central, el ministro de Defensa Nacional, Kang Sun-Nam, y el jefe del Estado Mayor, Ri Yong-gil, seg\u00fan la agencia de noticias KCNA.<\/p>\n<p>Kim \u201cpresenci\u00f3 las lecciones impartidas a los estudiantes sobre operaciones y t\u00e1cticas en la sala de conferencias militares y recorri\u00f3 las salas de estudio y entrenamiento para conocer detalladamente la educaci\u00f3n que se imparte\u201d en el centro, seg\u00fan KCNA.<\/p>\n<p>El l\u00edder dijo que ante \u201cla complicada situaci\u00f3n internacional agravada seriamente por la perpetua escalada de violencia y conflictos armados y la inestable situaci\u00f3n militar y pol\u00edtica en torno a la Rep\u00fablica Popular Democr\u00e1tica de Corea (RPDC)\u201d, es necesario \u201cestar m\u00e1s preparados que nunca para la guerra\u201d.<\/p>\n<p>\u201cHace falta prepararse con m\u00e1s firmeza y excelencia no solo para una posible guerra, sino para una contienda que se debe ganar sin falta\u201d, a\u00f1adi\u00f3 Kim.<\/p>\n<p>El mariscal \u201cafirm\u00f3 que si el enemigo opta por una confrontaci\u00f3n militar con la RPDC, esta le asestar\u00e1 sin vacilaci\u00f3n un golpe mortal movilizando todos los medios a su alcance, e inst\u00f3 a la universidad a perfeccionar su modelo educativo\u201d, se\u00f1ala la nota de KCNA.<\/p>\n<p>Las palabras de Kim llegan justo despu\u00e9s de que el presidente estadounidense, Joe Biden, y el primer ministro japon\u00e9s, Fumio Kishida, anunciaran en una cumbre en Washington una serie de medidas que suponen la mayor remodelaci\u00f3n de la alianza militar entre los dos pa\u00edses en 65 a\u00f1os y que incluyen acuerdos en materia de defensa y tecnolog\u00eda.<\/p>\n<p>Aunque el anuncio pone el foco especialmente en China, la modernizaci\u00f3n y fortalecimiento de lazos militares entre Tokio y Washington busca disuadir tambi\u00e9n a Pionyang de seguir desarrollando sus programas nuclear y de misiles.<\/p>\n<p>Tras el fracaso en las conversaciones sobre desnuclearizaci\u00f3n con Estados Unidos hace ya un lustro, Corea del Norte ha rechazado cualquier invitaci\u00f3n al di\u00e1logo y mientras Se\u00fal, Tokio y Washington han reforzado su cooperaci\u00f3n militar, Pionyang ha hecho lo propio con Mosc\u00fa en el \u00faltimo a\u00f1o.<\/p>\n","protected":false},"excerpt":{"rendered":"<p>El l\u00edder norcoreano, Kim Jong-un, ha instado en una visita a la Universidad Pol\u00edtico Militar&#8230;<\/p>\n","protected":false},"author":1,"featured_media":22315,"comment_status":"open","ping_status":"closed","sticky":false,"template":"","format":"standard","meta":{"footnotes":""},"categories":[5],"tags":[],"class_list":["post-22313","post","type-post","status-publish","format-standard","has-post-thumbnail","hentry","category-internacional"],"_links":{"self":[{"href":"https:\/\/sacramentoqr.com\/index.php?rest_route=\/wp\/v2\/posts\/22313","targetHints":{"allow":["GET"]}}],"collection":[{"href":"https:\/\/sacramentoqr.com\/index.php?rest_route=\/wp\/v2\/posts"}],"about":[{"href":"https:\/\/sacramentoqr.com\/index.php?rest_route=\/wp\/v2\/types\/post"}],"author":[{"embeddable":true,"href":"https:\/\/sacramentoqr.com\/index.php?rest_route=\/wp\/v2\/users\/1"}],"replies":[{"embeddable":true,"href":"https:\/\/sacramentoqr.com\/index.php?rest_route=%2Fwp%2Fv2%2Fcomments&post=22313"}],"version-history":[{"count":1,"href":"https:\/\/sacramentoqr.com\/index.php?rest_route=\/wp\/v2\/posts\/22313\/revisions"}],"predecessor-version":[{"id":22314,"href":"https:\/\/sacramentoqr.com\/index.php?rest_route=\/wp\/v2\/posts\/22313\/revisions\/22314"}],"wp:featuredmedia":[{"embeddable":true,"href":"https:\/\/sacramentoqr.com\/index.php?rest_route=\/wp\/v2\/media\/22315"}],"wp:attachment":[{"href":"https:\/\/sacramentoqr.com\/index.php?rest_route=%2Fwp%2Fv2%2Fmedia&parent=22313"}],"wp:term":[{"taxonomy":"category","embeddable":true,"href":"https:\/\/sacramentoqr.com\/index.php?rest_route=%2Fwp%2Fv2%2Fcategories&post=22313"},{"taxonomy":"post_tag","embeddable":true,"href":"https:\/\/sacramentoqr.com\/index.php?rest_route=%2Fwp%2Fv2%2Ftags&post=22313"}],"curies":[{"name":"wp","href":"https:\/\/api.w.org\/{rel}","templated":true}]}}