{"id":22337,"date":"2024-04-13T17:36:41","date_gmt":"2024-04-13T22:36:41","guid":{"rendered":"https:\/\/sacramentoqr.com\/?p=22337"},"modified":"2024-04-13T22:36:42","modified_gmt":"2024-04-13T22:36:42","slug":"la-maldita-vecindad-y-los-hijos-del-quinto-patio-son-casi-cuarentones","status":"publish","type":"post","link":"https:\/\/sacramentoqr.com\/?p=22337","title":{"rendered":"La Maldita Vecindad y los Hijos del Quinto Patio, son \u2018casi cuarentones\u2019"},"content":{"rendered":"<p>Luego de haber atravesado un episodio de salud, debido al consumo de un antibi\u00f3tico que le recet\u00f3 un dermat\u00f3logo y que hizo que se le cayera 25% de la piel de su cuerpo, Roco Pachukote est\u00e1 m\u00e1s vivo que nunca, con nueva piel, \u201ccomo las serpientes\u201d, dice entre risas, y con ganas de seguir celebrando la vida con nuevas canciones, un \u00e1lbum y un documental que saldr\u00e1 el siguiente a\u00f1o para conmemorar los 40 a\u00f1os de trayectoria de La Maldita Vecindad y los Hijos del Quinto Patio.<\/p>\n<p>Para el pr\u00f3ximo a\u00f1o tenemos varios planes para festejar, algunos todav\u00eda no los vamos a contar, pero otros s\u00ed, como el documental que vamos a sacar y con el que queremos compartir todas las historias. El director es una sorpresa, es un director incre\u00edble, maravilloso y totalmente af\u00edn a lo que est\u00e1bamos buscando. Va a haber muchos festejos muy chidos y estamos cruzando los dedos para poder lanzar la edici\u00f3n de un disco que grabamos en 1994 con Bill Laswell (productor de Mick Jagger e Iggy Pop) en Nueva York. Fue un disco que grabamos entre El circo y El baile de m\u00e1scaras, que en su momento qued\u00f3 enlatado, y ese disco trae mucha m\u00fasica in\u00e9dita y una visi\u00f3n muy particular de lo que est\u00e1bamos haciendo en 1994\u201d, cont\u00f3 Roco Pachukote a Exc\u00e9lsior.<\/p>\n<p>Con un historial bastante amplio en el que los miembros de la agrupaci\u00f3n que mezcla el rock, ska, reggae y punk han pisado diversos escenarios fuera y dentro de M\u00e9xico, han sido testigos de la evoluci\u00f3n de la industria musical y se han mantenido en el gusto de distintas generaciones, se le pregunt\u00f3 a Roco por qu\u00e9 consideraba que La Maldita Vecindad y los Hijos del Quinto Patio se han mantenido, hasta hoy, a lo largo de cuatro d\u00e9cadas.<\/p>\n<p>Cada grupo tiene su historia y en el caso de Maldita Vecindad, desde el principio, hablamos desde la calle y utilizamos la cr\u00f3nica, enaltecemos continuamente la vida cotidiana, la vida del barrio que nadie pelaba. Cuando empezamos era otro mundo, me acuerdo que el barrio era lo peor, la m\u00fasica afroantillana, la cumbia, eso era de nacos. Hab\u00eda tanto clasismo y una visi\u00f3n tan negativa sobre todo eso y de repente nuestra m\u00fasica lleg\u00f3 a ponerle ritmo y melod\u00eda a todo eso que todos valoramos, pero que nadie tomaba en cuenta. Adem\u00e1s, la m\u00fasica nos permiti\u00f3 hablar de nuestros dolores m\u00e1s profundos y la gente se identific\u00f3 con todo eso, conect\u00f3 con nuestra manera de narrar la vida, la cultura popular mexicana, a trav\u00e9s de la m\u00fasica\u201d, coment\u00f3 Roco.<\/p>\n<p>A la par de los preparativos previos a los 40 a\u00f1os de carrera, la agrupaci\u00f3n est\u00e1 afinando los detalles del show Noches de Kumbala, en el que retoman las presentaciones m\u00e1s cercas y m\u00e1s \u00edntimas con sus fieles seguidores, tal como lo hicieron en sus inicios.<\/p>\n<p>Imagen intermedia<br \/>\nEn los \u00faltimos a\u00f1os nuestros conciertos han sido s\u00faper masivos y eso nos encanta porque hay una energ\u00eda muy especial, estamos todos conectados y es muy m\u00e1gico. No obstante, el a\u00f1o pasado tuvimos la oportunidad de tocar en el Teatro Diana, en Guadalajara, y fue espectacular, pues vimos a la gente s\u00faper cerquita y esa cercan\u00eda nos toc\u00f3 el coraz\u00f3n, nos hizo recordar cuando empez\u00e1bamos y toc\u00e1bamos en el Sal\u00f3n Los \u00c1ngeles, en el Sal\u00f3n Colonia, en el (Teatro) Blanquita. As\u00ed que todo eso nos inspir\u00f3 para darle forma a Noches de Kumbala, una experiencia \u00fanica, \u00edntima, cinematogr\u00e1fica y teatral en donde vamos a evocar esos salones de baile y de teatro popular\u201d, relat\u00f3 el cantante de 58 a\u00f1os.<\/p>\n<p>De tal suerte La Maldita Vecindad y los Hijos del Quinto Patio se presentar\u00e1n el 7 de junio en el Teatro Metrop\u00f3litan de la CDMX y el 15 de junio har\u00e1n lo propio en el Teatro Diana<br \/>\nde Guadalajara.<\/p>\n<p>&nbsp;<\/p>\n","protected":false},"excerpt":{"rendered":"<p>Luego de haber atravesado un episodio de salud, debido al consumo de un antibi\u00f3tico que&#8230;<\/p>\n","protected":false},"author":1,"featured_media":22339,"comment_status":"open","ping_status":"closed","sticky":false,"template":"","format":"standard","meta":{"footnotes":""},"categories":[4],"tags":[],"class_list":["post-22337","post","type-post","status-publish","format-standard","has-post-thumbnail","hentry","category-espectaculos"],"_links":{"self":[{"href":"https:\/\/sacramentoqr.com\/index.php?rest_route=\/wp\/v2\/posts\/22337","targetHints":{"allow":["GET"]}}],"collection":[{"href":"https:\/\/sacramentoqr.com\/index.php?rest_route=\/wp\/v2\/posts"}],"about":[{"href":"https:\/\/sacramentoqr.com\/index.php?rest_route=\/wp\/v2\/types\/post"}],"author":[{"embeddable":true,"href":"https:\/\/sacramentoqr.com\/index.php?rest_route=\/wp\/v2\/users\/1"}],"replies":[{"embeddable":true,"href":"https:\/\/sacramentoqr.com\/index.php?rest_route=%2Fwp%2Fv2%2Fcomments&post=22337"}],"version-history":[{"count":1,"href":"https:\/\/sacramentoqr.com\/index.php?rest_route=\/wp\/v2\/posts\/22337\/revisions"}],"predecessor-version":[{"id":22338,"href":"https:\/\/sacramentoqr.com\/index.php?rest_route=\/wp\/v2\/posts\/22337\/revisions\/22338"}],"wp:featuredmedia":[{"embeddable":true,"href":"https:\/\/sacramentoqr.com\/index.php?rest_route=\/wp\/v2\/media\/22339"}],"wp:attachment":[{"href":"https:\/\/sacramentoqr.com\/index.php?rest_route=%2Fwp%2Fv2%2Fmedia&parent=22337"}],"wp:term":[{"taxonomy":"category","embeddable":true,"href":"https:\/\/sacramentoqr.com\/index.php?rest_route=%2Fwp%2Fv2%2Fcategories&post=22337"},{"taxonomy":"post_tag","embeddable":true,"href":"https:\/\/sacramentoqr.com\/index.php?rest_route=%2Fwp%2Fv2%2Ftags&post=22337"}],"curies":[{"name":"wp","href":"https:\/\/api.w.org\/{rel}","templated":true}]}}