{"id":22340,"date":"2024-04-13T18:01:45","date_gmt":"2024-04-13T23:01:45","guid":{"rendered":"https:\/\/sacramentoqr.com\/?p=22340"},"modified":"2024-04-13T23:01:46","modified_gmt":"2024-04-13T23:01:46","slug":"gobierno-de-mexico-comparte-su-profunda-preocupacion-por-ataque-de-iran-contra-israel","status":"publish","type":"post","link":"https:\/\/sacramentoqr.com\/?p=22340","title":{"rendered":"Gobierno de M\u00e9xico comparte su \u201cprofunda preocupaci\u00f3n\u201d por ataque de Ir\u00e1n contra Israel"},"content":{"rendered":"<p>A trav\u00e9s de un comunicado de la Secretar\u00eda de Relaciones Exteriores (SRE), el Gobierno de M\u00e9xico ha expresado su profunda preocupaci\u00f3n por el reciente ataque de Ir\u00e1n contra territorio israel\u00ed y ha advertido sobre los potenciales costos humanos de esta acci\u00f3n.<\/p>\n<p>La SRE condena el uso de la fuerza en las relaciones internacionales y hace un llamado a todas las partes involucradas a ejercer la contenci\u00f3n y buscar soluciones pac\u00edficas para evitar una escalada generalizada del conflicto en Medio Oriente.<\/p>\n<p>Adem\u00e1s, M\u00e9xico subraya la importancia de respetar el derecho internacional como un medio fundamental para preservar la paz y la seguridad internacionales.<\/p>\n<p>En otro aspecto, la SRE ha compartido los n\u00fameros de emergencia de las embajadas de M\u00e9xico en pa\u00edses del Medio Oriente a trav\u00e9s de X, con el prop\u00f3sito de proporcionar asistencia a los connacionales que lo requieran en caso de emergencia.<\/p>\n<p>Asimismo, la dependencia ha recomendado seguir las publicaciones de las cuentas oficiales de X para obtener informaci\u00f3n local actualizada sobre la situaci\u00f3n en la regi\u00f3n.<\/p>\n","protected":false},"excerpt":{"rendered":"<p>A trav\u00e9s de un comunicado de la Secretar\u00eda de Relaciones Exteriores (SRE), el Gobierno de&#8230;<\/p>\n","protected":false},"author":1,"featured_media":22342,"comment_status":"open","ping_status":"closed","sticky":false,"template":"","format":"standard","meta":{"footnotes":""},"categories":[7],"tags":[],"class_list":["post-22340","post","type-post","status-publish","format-standard","has-post-thumbnail","hentry","category-nacional"],"_links":{"self":[{"href":"https:\/\/sacramentoqr.com\/index.php?rest_route=\/wp\/v2\/posts\/22340","targetHints":{"allow":["GET"]}}],"collection":[{"href":"https:\/\/sacramentoqr.com\/index.php?rest_route=\/wp\/v2\/posts"}],"about":[{"href":"https:\/\/sacramentoqr.com\/index.php?rest_route=\/wp\/v2\/types\/post"}],"author":[{"embeddable":true,"href":"https:\/\/sacramentoqr.com\/index.php?rest_route=\/wp\/v2\/users\/1"}],"replies":[{"embeddable":true,"href":"https:\/\/sacramentoqr.com\/index.php?rest_route=%2Fwp%2Fv2%2Fcomments&post=22340"}],"version-history":[{"count":1,"href":"https:\/\/sacramentoqr.com\/index.php?rest_route=\/wp\/v2\/posts\/22340\/revisions"}],"predecessor-version":[{"id":22341,"href":"https:\/\/sacramentoqr.com\/index.php?rest_route=\/wp\/v2\/posts\/22340\/revisions\/22341"}],"wp:featuredmedia":[{"embeddable":true,"href":"https:\/\/sacramentoqr.com\/index.php?rest_route=\/wp\/v2\/media\/22342"}],"wp:attachment":[{"href":"https:\/\/sacramentoqr.com\/index.php?rest_route=%2Fwp%2Fv2%2Fmedia&parent=22340"}],"wp:term":[{"taxonomy":"category","embeddable":true,"href":"https:\/\/sacramentoqr.com\/index.php?rest_route=%2Fwp%2Fv2%2Fcategories&post=22340"},{"taxonomy":"post_tag","embeddable":true,"href":"https:\/\/sacramentoqr.com\/index.php?rest_route=%2Fwp%2Fv2%2Ftags&post=22340"}],"curies":[{"name":"wp","href":"https:\/\/api.w.org\/{rel}","templated":true}]}}