{"id":22359,"date":"2024-04-15T11:28:23","date_gmt":"2024-04-15T16:28:23","guid":{"rendered":"https:\/\/sacramentoqr.com\/?p=22359"},"modified":"2024-04-15T16:28:25","modified_gmt":"2024-04-15T16:28:25","slug":"arda-guler-tiene-su-futuro-lejos-de-real-madrid-pero-todavia-no-sabe-en-que-equipo-jugara","status":"publish","type":"post","link":"https:\/\/sacramentoqr.com\/?p=22359","title":{"rendered":"Arda G\u00fcler tiene su futuro lejos de Real Madrid, pero todav\u00eda no sabe en qu\u00e9 equipo jugar\u00e1"},"content":{"rendered":"<p>Arda G\u00fcler, jugador del Real Madrid, podr\u00eda dejar el club este verano debido a su falta de protagonismo esta temporada, causada principalmente por lesiones y la falta de oportunidades bajo la direcci\u00f3n de Ancelotti.<\/p>\n<p>A pesar de las peticiones de paciencia por parte del cuerpo t\u00e9cnico y compa\u00f1eros, G\u00fcler estar\u00eda considerando solicitar una salida, preferiblemente como cedido, para buscar m\u00e1s minutos en otro equipo, seg\u00fan inform\u00f3 Fabrizio Romano.<\/p>\n<p>Aunque a\u00fan no ha comunicado oficialmente su decisi\u00f3n al club, G\u00fcler planea discutir su futuro al final de la temporada. Se ha mostrado paciente a hacerlo antes para no distraer durante la fase crucial del campeonato.<\/p>\n<p>Equipos turcos y europeos, como el Dortmund, as\u00ed como varios clubes de LaLiga, han mostrado inter\u00e9s en el joven jugador, lo que sugiere que no le faltar\u00e1n ofertas si decide abandonar el Real Madrid.<\/p>\n","protected":false},"excerpt":{"rendered":"<p>Arda G\u00fcler, jugador del Real Madrid, podr\u00eda dejar el club este verano debido a su&#8230;<\/p>\n","protected":false},"author":1,"featured_media":22361,"comment_status":"open","ping_status":"closed","sticky":false,"template":"","format":"standard","meta":{"footnotes":""},"categories":[3],"tags":[],"class_list":["post-22359","post","type-post","status-publish","format-standard","has-post-thumbnail","hentry","category-deportes"],"_links":{"self":[{"href":"https:\/\/sacramentoqr.com\/index.php?rest_route=\/wp\/v2\/posts\/22359","targetHints":{"allow":["GET"]}}],"collection":[{"href":"https:\/\/sacramentoqr.com\/index.php?rest_route=\/wp\/v2\/posts"}],"about":[{"href":"https:\/\/sacramentoqr.com\/index.php?rest_route=\/wp\/v2\/types\/post"}],"author":[{"embeddable":true,"href":"https:\/\/sacramentoqr.com\/index.php?rest_route=\/wp\/v2\/users\/1"}],"replies":[{"embeddable":true,"href":"https:\/\/sacramentoqr.com\/index.php?rest_route=%2Fwp%2Fv2%2Fcomments&post=22359"}],"version-history":[{"count":1,"href":"https:\/\/sacramentoqr.com\/index.php?rest_route=\/wp\/v2\/posts\/22359\/revisions"}],"predecessor-version":[{"id":22360,"href":"https:\/\/sacramentoqr.com\/index.php?rest_route=\/wp\/v2\/posts\/22359\/revisions\/22360"}],"wp:featuredmedia":[{"embeddable":true,"href":"https:\/\/sacramentoqr.com\/index.php?rest_route=\/wp\/v2\/media\/22361"}],"wp:attachment":[{"href":"https:\/\/sacramentoqr.com\/index.php?rest_route=%2Fwp%2Fv2%2Fmedia&parent=22359"}],"wp:term":[{"taxonomy":"category","embeddable":true,"href":"https:\/\/sacramentoqr.com\/index.php?rest_route=%2Fwp%2Fv2%2Fcategories&post=22359"},{"taxonomy":"post_tag","embeddable":true,"href":"https:\/\/sacramentoqr.com\/index.php?rest_route=%2Fwp%2Fv2%2Ftags&post=22359"}],"curies":[{"name":"wp","href":"https:\/\/api.w.org\/{rel}","templated":true}]}}