{"id":22398,"date":"2024-04-17T10:53:16","date_gmt":"2024-04-17T15:53:16","guid":{"rendered":"https:\/\/sacramentoqr.com\/?p=22398"},"modified":"2024-04-17T15:53:18","modified_gmt":"2024-04-17T15:53:18","slug":"papa-francisco-pide-liberacion-de-prisioneros-de-guerra-y-el-final-de-la-tortura-inhumana","status":"publish","type":"post","link":"https:\/\/sacramentoqr.com\/?p=22398","title":{"rendered":"Papa Francisco pide liberaci\u00f3n de prisioneros de guerra y el final de la tortura \u201cinhumana\u201d"},"content":{"rendered":"<p>El papa Francisco hizo un llamado a favor de la liberaci\u00f3n de \u201ctodos\u201d los prisioneros de guerra y del final de la tortura, que es algo \u201cinhumano\u201c, al t\u00e9rmino de la audiencia general celebrada este mi\u00e9rcoles en la plaza de San Pedro del Vaticano.<\/p>\n<p>\u201cNuestro pensamiento en este momento, de todos nosotros, est\u00e1 con las poblaciones en guerra. Pensemos en Tierra Santa, Palestina, Israel. Pensemos en Ucrania, en la martirizada Ucrania. Pensemos en los prisioneros de guerra: que el Se\u00f1or mueva la voluntad para liberarlos a todos\u201d, dijo el pont\u00edfice.<\/p>\n<p>El papa, que dedic\u00f3 su catequesis de la jornada a la templanza, tambi\u00e9n se refiri\u00f3 a la tortura.<\/p>\n<p>Y hablando de los prisioneros, me vienen a la mente aquellos que son torturados: la tortura de los prisioneros es algo muy feo, es inhumano. Pensemos en las tantas torturas que hieren la dignidad de la persona y en los tantos torturados. Que el Se\u00f1or ayude a todos y bendiga a todos\u201d, a\u00f1adi\u00f3.<\/p>\n<p>Francisco lleg\u00f3 a la plaza de San Pedro, donde le esperaban unos 20 mil fieles, a bordo del \u201cpapam\u00f3vil\u201d descubierto y recorri\u00f3 todos los sectores para saludar y bendecir de cerca a los peregrinos presentes, procedentes de todo el mundo.<\/p>\n<p>Antes de entrar en la plaza, el papa Francisco subi\u00f3 a cuatro ni\u00f1os en su veh\u00edculo que le acompa\u00f1aron mientras se abr\u00eda paso entre la multitud de fieles.<\/p>\n<p>El papa dedic\u00f3 su catequesis a la \u201ccuarta y \u00faltima virtud cardinal: la templanza\u201d y dijo que la persona que la tiene \u201clogra mantener unidos los extremos: afirma principios absolutos, reivindica valores innegociables, pero tambi\u00e9n sabe comprender a los otros y mostrar empat\u00eda por ellos\u201d.<\/p>\n","protected":false},"excerpt":{"rendered":"<p>El papa Francisco hizo un llamado a favor de la liberaci\u00f3n de \u201ctodos\u201d los prisioneros&#8230;<\/p>\n","protected":false},"author":1,"featured_media":22400,"comment_status":"open","ping_status":"closed","sticky":false,"template":"","format":"standard","meta":{"footnotes":""},"categories":[5],"tags":[],"class_list":["post-22398","post","type-post","status-publish","format-standard","has-post-thumbnail","hentry","category-internacional"],"_links":{"self":[{"href":"https:\/\/sacramentoqr.com\/index.php?rest_route=\/wp\/v2\/posts\/22398","targetHints":{"allow":["GET"]}}],"collection":[{"href":"https:\/\/sacramentoqr.com\/index.php?rest_route=\/wp\/v2\/posts"}],"about":[{"href":"https:\/\/sacramentoqr.com\/index.php?rest_route=\/wp\/v2\/types\/post"}],"author":[{"embeddable":true,"href":"https:\/\/sacramentoqr.com\/index.php?rest_route=\/wp\/v2\/users\/1"}],"replies":[{"embeddable":true,"href":"https:\/\/sacramentoqr.com\/index.php?rest_route=%2Fwp%2Fv2%2Fcomments&post=22398"}],"version-history":[{"count":1,"href":"https:\/\/sacramentoqr.com\/index.php?rest_route=\/wp\/v2\/posts\/22398\/revisions"}],"predecessor-version":[{"id":22399,"href":"https:\/\/sacramentoqr.com\/index.php?rest_route=\/wp\/v2\/posts\/22398\/revisions\/22399"}],"wp:featuredmedia":[{"embeddable":true,"href":"https:\/\/sacramentoqr.com\/index.php?rest_route=\/wp\/v2\/media\/22400"}],"wp:attachment":[{"href":"https:\/\/sacramentoqr.com\/index.php?rest_route=%2Fwp%2Fv2%2Fmedia&parent=22398"}],"wp:term":[{"taxonomy":"category","embeddable":true,"href":"https:\/\/sacramentoqr.com\/index.php?rest_route=%2Fwp%2Fv2%2Fcategories&post=22398"},{"taxonomy":"post_tag","embeddable":true,"href":"https:\/\/sacramentoqr.com\/index.php?rest_route=%2Fwp%2Fv2%2Ftags&post=22398"}],"curies":[{"name":"wp","href":"https:\/\/api.w.org\/{rel}","templated":true}]}}