{"id":22419,"date":"2024-04-18T10:47:57","date_gmt":"2024-04-18T15:47:57","guid":{"rendered":"https:\/\/sacramentoqr.com\/?p=22419"},"modified":"2024-04-18T15:47:58","modified_gmt":"2024-04-18T15:47:58","slug":"el-dolor-de-las-victimas-civiles-palestinas-foto-del-ano-para-el-world-press-photo","status":"publish","type":"post","link":"https:\/\/sacramentoqr.com\/?p=22419","title":{"rendered":"El dolor de las v\u00edctimas civiles palestinas, foto del a\u00f1o para el World Press Photo"},"content":{"rendered":"<p>El fotoperiodista palestino Mohammed Salem captur\u00f3 la imagen galardonada por el World Press Photo como la foto del a\u00f1o: una mujer abraza a una ni\u00f1a que acaba de perder la vida en la Franja de Gaza, un reflejo \u201cpoderoso y triste\u201d del dolor y la p\u00e9rdida que sufren los civiles palestinos que conviven con las bombas israel\u00edes desde octubre.<\/p>\n<p>La fotograf\u00eda no muestra el rostro de ninguna de las dos personas que aparecen en la imagen. La mujer adulta, cuyo rostro est\u00e1 oculto por su brazo, viste un atuendo largo de color azul y un velo marr\u00f3n que le cubre el pelo, mientras el cuerpo y la cabeza de la ni\u00f1a que ella abraza, est\u00e1n envueltos en una tela blanca, se\u00f1al de que ya no est\u00e1 con vida.<\/p>\n<p>Ambas aparecen sobre un fondo y un suelo de baldosas blancas, as\u00ed que nada en la imagen distrae la mirada del espectador de las dos que son protagonistas \u00fanicas de la fotograf\u00eda: Inas Abu Maamar, de 36 a\u00f1os, y su sobrina Saly, una peque\u00f1a de 5 a\u00f1os que muri\u00f3 junto a su madre y su hermana cuando su casa en Jan Yunis fue alcanzada y destruida por un misil israel\u00ed.<\/p>\n<p>Salem encontr\u00f3 a Inas agachada en el suelo, abrazando a la ni\u00f1a, en la morgue del Hospital Nasser, donde los vecinos de Gaza acuden a buscar a familiares desaparecidos. Inas hab\u00eda acudido a toda prisa a la casa familiar cuando escuch\u00f3 que hab\u00eda sido bombardeada, y de ah\u00ed acudi\u00f3 a la morgue a buscar los restos de sus sobrinos y su propia hermana.<\/p>\n<p>Salem, que trabaja para la agencia de noticias Reuters desde 2003 enfocado en documentar el conflicto israel\u00ed-palestino, tom\u00f3 esta foto tan solo unos d\u00edas despu\u00e9s de que su propia esposa diera a luz, y describe la fotograf\u00eda galardonada por el World Press Photo como un \u201cmomento poderoso y triste que resume la sensaci\u00f3n general de lo que estaba pasando\u201d en Gaza.<\/p>\n<p>El fot\u00f3grafo ha identificado con nombres y apellidos a las protagonistas, pero podr\u00edan ser cualquiera de las decenas de miles de v\u00edctimas palestinas que sucumben bajo las bombas israel\u00edes en la Franja de Gaza desde el pasado 7 de octubre, una ofensiva militar en represalia por el ataque del grupo Ham\u00e1s a Israel. Cerca de 33 mil 900 gazat\u00edes han muerto y m\u00e1s de 75 mil han resultado heridos, de los que m\u00e1s del 72 por ciento son mujeres y ni\u00f1os, en seis meses de guerra.<\/p>\n<p>Las mujeres y ni\u00f1os representan m\u00e1s de dos tercios de las v\u00edctimas mortales, seg\u00fan la Oficina del Alto Comisionado de la ONU para los Derechos Humanos (OHCHR). La Corte Internacional de Justicia (CIJ) exigi\u00f3 a Israel tomar todas las medidas posibles para evitar un genocidio de los palestinos de Gaza, incluido permitir el acceso de ayuda humanitaria.<\/p>\n<p>Otras tres categor\u00edas<br \/>\nLa fot\u00f3grafa Lee-Ann Olwage, narradora visual de Sud\u00e1frica, es la ganadora global en la categor\u00eda de reportaje gr\u00e1fico. Con su trabajo, denuncia la falta de conciencia p\u00fablica en Madagascar sobre la demencia, que estigmatiza a quienes la sufren.<\/p>\n<p>Relata la vida de Paul, un hombre de 91 a\u00f1os que ha vivido con demencia durante 11 a\u00f1os, y durante mucho tiempo, su familia asumi\u00f3 que se hab\u00eda \u201cvuelto loco\u201d y atribuy\u00f3 los s\u00edntomas que sufr\u00eda al consumo del alcohol, pero este diagn\u00f3stico no convenci\u00f3 a su hija Fara, que opt\u00f3 por cuidar a su padre.<\/p>\n<p>En la foto, abuelo y nieta, Odliatemix, se preparan para ir a la iglesia, y se ilustra el concepto maglache de valim-babena, el deber de los hijos adultos de ayudar a sus padres.<\/p>\n<p>En la categor\u00eda de Proyecto a Largo Plazo, el concurso premia al fotoperiodista venezolano Alejandro Cegarra por su trabajo \u201cLos dos muros\u201d, que documenta la vulnerabilidad de las comunidades de migrantes que carecen de recursos financieros para pagar contrabandistas y recurren a trenes de carga para llegar a la frontera de Estados Unidos.<\/p>\n<p>La foto de Cegarra que resalta el World Press Photo muestra a una persona migrante que camina sobre un tren de carga conocido como \u201cLa Bestia\u201d en Piedras Negras, M\u00e9xico. Este medio de transporte es muy peligroso y a lo largo de los a\u00f1os, cientos de personas han ca\u00eddo a las v\u00edas, quedando mutiladas o perdiendo la vida.<\/p>\n<p>La cuarta categor\u00eda es Formato Abierto, y premia a la fot\u00f3grafa ucraniana Julia Kochetova por \u201cLa guerra es personal\u201d, un diario digital que combina fotoperiodismo con estilo documental para mostrar c\u00f3mo es vivir con la guerra como una realidad cotidiana. Este proyecto combina fotos con poes\u00eda, clips de audio y m\u00fasica.<\/p>\n","protected":false},"excerpt":{"rendered":"<p>El fotoperiodista palestino Mohammed Salem captur\u00f3 la imagen galardonada por el World Press Photo como&#8230;<\/p>\n","protected":false},"author":1,"featured_media":22421,"comment_status":"open","ping_status":"closed","sticky":false,"template":"","format":"standard","meta":{"footnotes":""},"categories":[5],"tags":[],"class_list":["post-22419","post","type-post","status-publish","format-standard","has-post-thumbnail","hentry","category-internacional"],"_links":{"self":[{"href":"https:\/\/sacramentoqr.com\/index.php?rest_route=\/wp\/v2\/posts\/22419","targetHints":{"allow":["GET"]}}],"collection":[{"href":"https:\/\/sacramentoqr.com\/index.php?rest_route=\/wp\/v2\/posts"}],"about":[{"href":"https:\/\/sacramentoqr.com\/index.php?rest_route=\/wp\/v2\/types\/post"}],"author":[{"embeddable":true,"href":"https:\/\/sacramentoqr.com\/index.php?rest_route=\/wp\/v2\/users\/1"}],"replies":[{"embeddable":true,"href":"https:\/\/sacramentoqr.com\/index.php?rest_route=%2Fwp%2Fv2%2Fcomments&post=22419"}],"version-history":[{"count":1,"href":"https:\/\/sacramentoqr.com\/index.php?rest_route=\/wp\/v2\/posts\/22419\/revisions"}],"predecessor-version":[{"id":22420,"href":"https:\/\/sacramentoqr.com\/index.php?rest_route=\/wp\/v2\/posts\/22419\/revisions\/22420"}],"wp:featuredmedia":[{"embeddable":true,"href":"https:\/\/sacramentoqr.com\/index.php?rest_route=\/wp\/v2\/media\/22421"}],"wp:attachment":[{"href":"https:\/\/sacramentoqr.com\/index.php?rest_route=%2Fwp%2Fv2%2Fmedia&parent=22419"}],"wp:term":[{"taxonomy":"category","embeddable":true,"href":"https:\/\/sacramentoqr.com\/index.php?rest_route=%2Fwp%2Fv2%2Fcategories&post=22419"},{"taxonomy":"post_tag","embeddable":true,"href":"https:\/\/sacramentoqr.com\/index.php?rest_route=%2Fwp%2Fv2%2Ftags&post=22419"}],"curies":[{"name":"wp","href":"https:\/\/api.w.org\/{rel}","templated":true}]}}