{"id":22425,"date":"2024-04-19T12:40:11","date_gmt":"2024-04-19T17:40:11","guid":{"rendered":"https:\/\/sacramentoqr.com\/?p=22425"},"modified":"2024-04-19T17:40:12","modified_gmt":"2024-04-19T17:40:12","slug":"bayern-munich-y-zidane-llegan-a-un-acuerdo-para-la-proxima-temporada","status":"publish","type":"post","link":"https:\/\/sacramentoqr.com\/?p=22425","title":{"rendered":"Bayern Munich y Zidane llegan a un acuerdo para la pr\u00f3xima temporada"},"content":{"rendered":"<p>Luego de que se diera a conocer en el mes de enero que Thomas Tuchel no iba a continuar en el banquillo del Bayern Munich para la siguiente temporada, la directiva del club alem\u00e1n comenz\u00f3 la b\u00fasqueda de su nuevo timonel y despu\u00e9s de analizar varias opciones, Zinedine Zidane ser\u00eda el elegido.<\/p>\n<p>De acuerdo a informaci\u00f3n revelada el d\u00eda de hoy por el medio espa\u00f1ol, Mundo Deportivo, el exentrenador del Real Madrid, Zinedine Zidane, ya tendr\u00eda un acuerdo de palabra con el Bayern Munich para tomar las riendas del equipo para la pr\u00f3xima temporada e inclusive ya habr\u00eda hecho la primera petici\u00f3n para su nuevo equipo, pese a que a\u00fan no se ha firmado ning\u00fan contrato.<\/p>\n<p>La misma fuente revela que una de las condiciones del estratega franc\u00e9s fue la contrataci\u00f3n de refuerzos de peso para el Bayern, especialmente en la zona defensiva, pues a ojos del DT, esta es la m\u00e1s d\u00e9bil del equipo.<\/p>\n<p>Zidane solamente tiene como experiencia previa el haber dirigido al Real Madrid, pero los logros obtenidos en el club blanco, en especial en Champions League, le valdr\u00edan para llegar al gigante de la Bundesliga para la temporada 24\/25, esto ante el rechazo de parte de Xabi Alonso, quien se acaba de coronar con el Bayer Leverkusen el pasado fin de semana.<\/p>\n<p>Clubes como el PSG o Manchester United trataron de fichar a Zinedine Zidane en temporadas pasadas, inclusive se mencion\u00f3 su nombre para tomar las riendas en la Selecci\u00f3n de Francia, pero todo apunta a que ser\u00e1 el Bayern M\u00fanich con el que retome su carrera de entrenador tras pasar casi tres a\u00f1os sin equipo.<\/p>\n<p>&nbsp;<\/p>\n","protected":false},"excerpt":{"rendered":"<p>Luego de que se diera a conocer en el mes de enero que Thomas Tuchel&#8230;<\/p>\n","protected":false},"author":1,"featured_media":22427,"comment_status":"open","ping_status":"closed","sticky":false,"template":"","format":"standard","meta":{"footnotes":""},"categories":[3],"tags":[],"class_list":["post-22425","post","type-post","status-publish","format-standard","has-post-thumbnail","hentry","category-deportes"],"_links":{"self":[{"href":"https:\/\/sacramentoqr.com\/index.php?rest_route=\/wp\/v2\/posts\/22425","targetHints":{"allow":["GET"]}}],"collection":[{"href":"https:\/\/sacramentoqr.com\/index.php?rest_route=\/wp\/v2\/posts"}],"about":[{"href":"https:\/\/sacramentoqr.com\/index.php?rest_route=\/wp\/v2\/types\/post"}],"author":[{"embeddable":true,"href":"https:\/\/sacramentoqr.com\/index.php?rest_route=\/wp\/v2\/users\/1"}],"replies":[{"embeddable":true,"href":"https:\/\/sacramentoqr.com\/index.php?rest_route=%2Fwp%2Fv2%2Fcomments&post=22425"}],"version-history":[{"count":1,"href":"https:\/\/sacramentoqr.com\/index.php?rest_route=\/wp\/v2\/posts\/22425\/revisions"}],"predecessor-version":[{"id":22426,"href":"https:\/\/sacramentoqr.com\/index.php?rest_route=\/wp\/v2\/posts\/22425\/revisions\/22426"}],"wp:featuredmedia":[{"embeddable":true,"href":"https:\/\/sacramentoqr.com\/index.php?rest_route=\/wp\/v2\/media\/22427"}],"wp:attachment":[{"href":"https:\/\/sacramentoqr.com\/index.php?rest_route=%2Fwp%2Fv2%2Fmedia&parent=22425"}],"wp:term":[{"taxonomy":"category","embeddable":true,"href":"https:\/\/sacramentoqr.com\/index.php?rest_route=%2Fwp%2Fv2%2Fcategories&post=22425"},{"taxonomy":"post_tag","embeddable":true,"href":"https:\/\/sacramentoqr.com\/index.php?rest_route=%2Fwp%2Fv2%2Ftags&post=22425"}],"curies":[{"name":"wp","href":"https:\/\/api.w.org\/{rel}","templated":true}]}}