{"id":22473,"date":"2024-04-21T12:46:03","date_gmt":"2024-04-21T17:46:03","guid":{"rendered":"https:\/\/sacramentoqr.com\/?p=22473"},"modified":"2024-04-21T17:46:05","modified_gmt":"2024-04-21T17:46:05","slug":"bandera-monumental-en-el-zocalo-causa-polemica-tras-permanecer-izada-en-concierto-de-interpol","status":"publish","type":"post","link":"https:\/\/sacramentoqr.com\/?p=22473","title":{"rendered":"Bandera monumental en el Z\u00f3calo causa pol\u00e9mica tras permanecer izada en concierto de Interpol"},"content":{"rendered":"<p>Un video publicado en redes sociales deja ver que la bandera monumental del Z\u00f3calo capitalino fue dejada izada, pese a lo que marca la ley y en medio de miles de personas que se congregaron en un concierto en el lugar.<\/p>\n<p>Esta noche se present\u00f3 en la Plaza de la Constituci\u00f3n la banda estadounidense de rock Interpol, por lo que en redes sociales se publicaron diversos videos del evento masivo, no obstante, en uno de ellos se dej\u00f3 ver que el l\u00e1baro patrio se encontraba a\u00fan enarbolado en el asta bandera de la plancha del Z\u00f3calo capitalino.<\/p>\n<p>El hecho gener\u00f3 diversas opiniones en redes sociales, pues, de acuerdo con lo que marca la Constituci\u00f3n Pol\u00edtica de los Estados Unidos Mexicanos, la bandera debe ser izada y retirada todos los d\u00edas en cierto horario.<br \/>\nPlay Video<\/p>\n<p>El Art\u00edculo 15 menciona que \u201cEn las fechas declaradas solemnes para toda la Naci\u00f3n, deber\u00e1 izarse la Bandera Nacional, a toda o a media asta, seg\u00fan se trate de festividad o duelo, respectivamente, en escuelas, templos y dem\u00e1s edificios p\u00fablicos, as\u00ed como en la sede de las representaciones diplom\u00e1ticas y consulares de M\u00e9xico\u201d.<\/p>\n<p>De acuerdo con el Art\u00edculo 20, \u201cEn los casos a que se refieren los art\u00edculos anteriores, con la salvedad de lo dispuesto para instalaciones militares, planteles educativos y embarcaciones en el art\u00edculo 15, la Bandera Nacional ser\u00e1 izada a las ocho horas y arriada a las dieciocho\u201d.<\/p>\n<p>En el caso de la bandera monumental del Z\u00f3calo capitalino, la bandera se iza a las 6:00 horas y se arr\u00eda a las 18:00 horas.<\/p>\n<p>Sin embargo, en varias marchas importantes como la defensa del INE o el 8M que re\u00fane gran cantidad de personas la bandera no fue izada, lo que gener\u00f3 criticas.<\/p>\n<p>Esto es de debido en los eventos como el arranque de campa\u00f1a de Claudia Sheinbaum o encabezados por el presidente L\u00f3pez Obrador la bandera es izada sin problema y hasta se presume en fotos el z\u00f3calo lleno con la bandera izada.<\/p>\n","protected":false},"excerpt":{"rendered":"<p>Un video publicado en redes sociales deja ver que la bandera monumental del Z\u00f3calo capitalino&#8230;<\/p>\n","protected":false},"author":1,"featured_media":22475,"comment_status":"open","ping_status":"closed","sticky":false,"template":"","format":"standard","meta":{"footnotes":""},"categories":[7],"tags":[],"class_list":["post-22473","post","type-post","status-publish","format-standard","has-post-thumbnail","hentry","category-nacional"],"_links":{"self":[{"href":"https:\/\/sacramentoqr.com\/index.php?rest_route=\/wp\/v2\/posts\/22473","targetHints":{"allow":["GET"]}}],"collection":[{"href":"https:\/\/sacramentoqr.com\/index.php?rest_route=\/wp\/v2\/posts"}],"about":[{"href":"https:\/\/sacramentoqr.com\/index.php?rest_route=\/wp\/v2\/types\/post"}],"author":[{"embeddable":true,"href":"https:\/\/sacramentoqr.com\/index.php?rest_route=\/wp\/v2\/users\/1"}],"replies":[{"embeddable":true,"href":"https:\/\/sacramentoqr.com\/index.php?rest_route=%2Fwp%2Fv2%2Fcomments&post=22473"}],"version-history":[{"count":1,"href":"https:\/\/sacramentoqr.com\/index.php?rest_route=\/wp\/v2\/posts\/22473\/revisions"}],"predecessor-version":[{"id":22474,"href":"https:\/\/sacramentoqr.com\/index.php?rest_route=\/wp\/v2\/posts\/22473\/revisions\/22474"}],"wp:featuredmedia":[{"embeddable":true,"href":"https:\/\/sacramentoqr.com\/index.php?rest_route=\/wp\/v2\/media\/22475"}],"wp:attachment":[{"href":"https:\/\/sacramentoqr.com\/index.php?rest_route=%2Fwp%2Fv2%2Fmedia&parent=22473"}],"wp:term":[{"taxonomy":"category","embeddable":true,"href":"https:\/\/sacramentoqr.com\/index.php?rest_route=%2Fwp%2Fv2%2Fcategories&post=22473"},{"taxonomy":"post_tag","embeddable":true,"href":"https:\/\/sacramentoqr.com\/index.php?rest_route=%2Fwp%2Fv2%2Ftags&post=22473"}],"curies":[{"name":"wp","href":"https:\/\/api.w.org\/{rel}","templated":true}]}}