{"id":22485,"date":"2024-04-22T10:07:47","date_gmt":"2024-04-22T15:07:47","guid":{"rendered":"https:\/\/sacramentoqr.com\/?p=22485"},"modified":"2024-04-22T15:07:48","modified_gmt":"2024-04-22T15:07:48","slug":"historico-marquinhos-es-el-jugador-con-mas-partidos-en-el-psg","status":"publish","type":"post","link":"https:\/\/sacramentoqr.com\/?p=22485","title":{"rendered":"\u00a1Hist\u00f3rico! Marquinhos es el jugador con m\u00e1s partidos en el PSG"},"content":{"rendered":"<p>Par\u00eds est\u00e1 de gala y no por los Juegos Ol\u00edmpicos, el Paris Saint-Germain celebra al defensa central brasile\u00f1o que, despu\u00e9s del partido entre el PSG ante el Lyon, se convirti\u00f3 en el jugador que m\u00e1s veces ha vestido la playera del cuadro franc\u00e9s.<\/p>\n<p>Marquinhos lleg\u00f3 al PSG en 2013, procedente de la Roma, en 11 a\u00f1os como defensa del equipo de la Ciudad Luz, el brasile\u00f1o ha disputado un total de 437 encuentros disputados.<\/p>\n<p>El canterano del Corinthians igual\u00f3 a Jean-Marc Pilorget el pasado 6 de abril, cuando se enfrentaron al Clermont, pero no fue sino hasta el domingo que Nasser Al-Khelaifi y sus compa\u00f1eros lo homenajearon con esta distinci\u00f3n.<\/p>\n<p>Una vez terminado el encuentro ante Lyon, mismo que gan\u00f3 el PSG por marcador de 4-1, los jugadores del cuadro parisino salieron a hacerle pasillo al brasile\u00f1o quien agradeci\u00f3 a sus compa\u00f1eros y recibi\u00f3 un reconocimiento de parte de la directiva qatar\u00ed<\/p>\n<p>\u201cEs incre\u00edble, es una noche con muchas emociones para m\u00ed, es el orgullo m\u00e1s grande llevar este trofeo, el PSG es mi vida. Es un honor lucir esta el\u00e1stica, estos colores, una responsabilidad enorme en este club con unas ambiciones inmensas, la liga, la Copa de Francia, la Liga de Campeones est\u00e1n ah\u00ed, vamos a buscarlas\u201d, coment\u00f3 el brasile\u00f1o.<\/p>\n<p>El PSG enfrentar\u00e1 al Lorient y a Le Havre antes de jugar las Semifinales de la UEFA Champions League ante el Borussia Dortmund.<\/p>\n","protected":false},"excerpt":{"rendered":"<p>Par\u00eds est\u00e1 de gala y no por los Juegos Ol\u00edmpicos, el Paris Saint-Germain celebra al&#8230;<\/p>\n","protected":false},"author":1,"featured_media":22487,"comment_status":"open","ping_status":"closed","sticky":false,"template":"","format":"standard","meta":{"footnotes":""},"categories":[3],"tags":[],"class_list":["post-22485","post","type-post","status-publish","format-standard","has-post-thumbnail","hentry","category-deportes"],"_links":{"self":[{"href":"https:\/\/sacramentoqr.com\/index.php?rest_route=\/wp\/v2\/posts\/22485","targetHints":{"allow":["GET"]}}],"collection":[{"href":"https:\/\/sacramentoqr.com\/index.php?rest_route=\/wp\/v2\/posts"}],"about":[{"href":"https:\/\/sacramentoqr.com\/index.php?rest_route=\/wp\/v2\/types\/post"}],"author":[{"embeddable":true,"href":"https:\/\/sacramentoqr.com\/index.php?rest_route=\/wp\/v2\/users\/1"}],"replies":[{"embeddable":true,"href":"https:\/\/sacramentoqr.com\/index.php?rest_route=%2Fwp%2Fv2%2Fcomments&post=22485"}],"version-history":[{"count":1,"href":"https:\/\/sacramentoqr.com\/index.php?rest_route=\/wp\/v2\/posts\/22485\/revisions"}],"predecessor-version":[{"id":22486,"href":"https:\/\/sacramentoqr.com\/index.php?rest_route=\/wp\/v2\/posts\/22485\/revisions\/22486"}],"wp:featuredmedia":[{"embeddable":true,"href":"https:\/\/sacramentoqr.com\/index.php?rest_route=\/wp\/v2\/media\/22487"}],"wp:attachment":[{"href":"https:\/\/sacramentoqr.com\/index.php?rest_route=%2Fwp%2Fv2%2Fmedia&parent=22485"}],"wp:term":[{"taxonomy":"category","embeddable":true,"href":"https:\/\/sacramentoqr.com\/index.php?rest_route=%2Fwp%2Fv2%2Fcategories&post=22485"},{"taxonomy":"post_tag","embeddable":true,"href":"https:\/\/sacramentoqr.com\/index.php?rest_route=%2Fwp%2Fv2%2Ftags&post=22485"}],"curies":[{"name":"wp","href":"https:\/\/api.w.org\/{rel}","templated":true}]}}