{"id":22494,"date":"2024-04-22T11:13:53","date_gmt":"2024-04-22T16:13:53","guid":{"rendered":"https:\/\/sacramentoqr.com\/?p=22494"},"modified":"2024-04-22T16:13:54","modified_gmt":"2024-04-22T16:13:54","slug":"papa-francisco-advierte-que-la-tierra-se-esta-dirigiendo-a-la-ruina","status":"publish","type":"post","link":"https:\/\/sacramentoqr.com\/?p=22494","title":{"rendered":"Papa Francisco advierte que la Tierra se est\u00e1 \u201cdirigiendo a la ruina\u201d"},"content":{"rendered":"<p>El papa Francisco advirti\u00f3 este lunes de que el Planeta \u201cse est\u00e1 dirigiendo a la ruina\u201d en un mensaje en la red social X en ocasi\u00f3n del D\u00eda de la Tierra.<\/p>\n<p>\u201cNuestra generaci\u00f3n ha dejado en herencia muchas riquezas, pero no hemos sabido custodiar el Planeta y no estamos custodiando la paz\u201d, se lee en el mensaje del papa.<\/p>\n<p>Francisco insta a \u201cconvertirnos en artesanos y constructores de la casa com\u00fan, la Tierra\u201d, que advierte \u201cse est\u00e1 dirigiendo a la ruina\u201d.<\/p>\n<p>El D\u00eda de la Tierra se celebra en todo el mundo para pedir esfuerzos de conservaci\u00f3n del medio ambiente.<\/p>\n<p>El pont\u00edfice argentino est\u00e1 muy concienciado con la defensa del medio ambiente y ha dedicado dos de sus escritos al tema.<\/p>\n<p>En el \u00b4\u00faltimo, la exhortaci\u00f3n apost\u00f3lica \u201cLaudate Deum\u201d, publicada en octubre de 2023, advert\u00eda de \u201cla inacci\u00f3n pol\u00edtica y los intereses econ\u00f3micos ante la crisis clim\u00e1tica,\u201dmientras el mundo que nos acoge se va desmoronando y quiz\u00e1s acerc\u00e1ndose a un punto de quiebre\u201d<\/p>\n<p>En la exhortaci\u00f3n, una carta del pont\u00edfice dirigida a los fieles, el papa Francisco carga contra los negacionistas del cambio clim\u00e1tico pues \u201cpor m\u00e1s que se pretendan negar, esconder, disimular o relativizar, los signos del cambio clim\u00e1tico est\u00e1n ah\u00ed, cada vez m\u00e1s patentes\u201d.<\/p>\n","protected":false},"excerpt":{"rendered":"<p>El papa Francisco advirti\u00f3 este lunes de que el Planeta \u201cse est\u00e1 dirigiendo a la&#8230;<\/p>\n","protected":false},"author":1,"featured_media":22496,"comment_status":"open","ping_status":"closed","sticky":false,"template":"","format":"standard","meta":{"footnotes":""},"categories":[5],"tags":[],"class_list":["post-22494","post","type-post","status-publish","format-standard","has-post-thumbnail","hentry","category-internacional"],"_links":{"self":[{"href":"https:\/\/sacramentoqr.com\/index.php?rest_route=\/wp\/v2\/posts\/22494","targetHints":{"allow":["GET"]}}],"collection":[{"href":"https:\/\/sacramentoqr.com\/index.php?rest_route=\/wp\/v2\/posts"}],"about":[{"href":"https:\/\/sacramentoqr.com\/index.php?rest_route=\/wp\/v2\/types\/post"}],"author":[{"embeddable":true,"href":"https:\/\/sacramentoqr.com\/index.php?rest_route=\/wp\/v2\/users\/1"}],"replies":[{"embeddable":true,"href":"https:\/\/sacramentoqr.com\/index.php?rest_route=%2Fwp%2Fv2%2Fcomments&post=22494"}],"version-history":[{"count":1,"href":"https:\/\/sacramentoqr.com\/index.php?rest_route=\/wp\/v2\/posts\/22494\/revisions"}],"predecessor-version":[{"id":22495,"href":"https:\/\/sacramentoqr.com\/index.php?rest_route=\/wp\/v2\/posts\/22494\/revisions\/22495"}],"wp:featuredmedia":[{"embeddable":true,"href":"https:\/\/sacramentoqr.com\/index.php?rest_route=\/wp\/v2\/media\/22496"}],"wp:attachment":[{"href":"https:\/\/sacramentoqr.com\/index.php?rest_route=%2Fwp%2Fv2%2Fmedia&parent=22494"}],"wp:term":[{"taxonomy":"category","embeddable":true,"href":"https:\/\/sacramentoqr.com\/index.php?rest_route=%2Fwp%2Fv2%2Fcategories&post=22494"},{"taxonomy":"post_tag","embeddable":true,"href":"https:\/\/sacramentoqr.com\/index.php?rest_route=%2Fwp%2Fv2%2Ftags&post=22494"}],"curies":[{"name":"wp","href":"https:\/\/api.w.org\/{rel}","templated":true}]}}