{"id":22497,"date":"2024-04-23T11:37:47","date_gmt":"2024-04-23T16:37:47","guid":{"rendered":"https:\/\/sacramentoqr.com\/?p=22497"},"modified":"2024-04-23T16:37:49","modified_gmt":"2024-04-23T16:37:49","slug":"ana-campa-jugadora-de-leon-en-la-liga-mx-femenil-denuncia-a-la-fiera","status":"publish","type":"post","link":"https:\/\/sacramentoqr.com\/?p=22497","title":{"rendered":"Ana Campa, jugadora de Le\u00f3n en la Liga MX Femenil, denuncia a \u201cLa Fiera\u201d"},"content":{"rendered":"<p>El pasado lunes, mediante sus redes sociales, la jugadora de los Panzas Verdes de Le\u00f3n, Ana Campa, aprovech\u00f3 su Twitter para hacer p\u00fablica su situaci\u00f3n, esto despu\u00e9s de haberse lesionado el pasado mes de septiembre en un entrenamiento con La Fiera.<\/p>\n<p>Campa, que podr\u00eda no volver a las canchas de manera profesional, public\u00f3 en sus redes que sufri\u00f3 un golpe en el rostro el pasado mes de septiembre, raz\u00f3n por la cual su visi\u00f3n comenz\u00f3 a verse afectada, algo que al equipo esmeralda pareci\u00f3 no haberle preocupado mucho.<\/p>\n<p>De acuerdo al testimonio de Campa, el club no se preocup\u00f3 por darle la atenci\u00f3n m\u00e9dica que requer\u00eda, ni en ese momento ni posterior al diagn\u00f3stico (el cual no es nada esperanzador para Campa) asegurando que, a siete meses de su lesi\u00f3n, nadie del club se ha acercado con ella ni siquiera para saber c\u00f3mo se encuentra.<\/p>\n<p>\u201cLamentablemente, mi club no me ha dado el apoyo esperado, no tuve atenci\u00f3n de inmediato ni se preocuparon por atender mi p\u00e9rdida de vista en las semanas posteriores. Por ello, busqu\u00e9 por mi propia cuenta un especialista y terapias en M\u00e9xico y en Estados Unidos.<br \/>\nComo soy Mexicoamericana y al no ser atendida en Le\u00f3n, regres\u00e9 a mi casa en Texas unas semanas para obtener algo de atenci\u00f3n\u201d, se lee en la publicaci\u00f3n de Campa en sus redes sociales.<\/p>\n<p>La jugadora cuenta que viaj\u00f3 a Estados Unidos para ser atendida de su p\u00e9rdida visual y que, por el momento, se encuentra haciendo tr\u00e1mites en el Instituto Mexicano del Seguro Social donde, al parecer, siempre le falta un tr\u00e1mite para seguir avanzando con su incapacidad, tal y como se lo solicit\u00f3 el cuadro esmeralda.<\/p>\n","protected":false},"excerpt":{"rendered":"<p>El pasado lunes, mediante sus redes sociales, la jugadora de los Panzas Verdes de Le\u00f3n,&#8230;<\/p>\n","protected":false},"author":1,"featured_media":22499,"comment_status":"open","ping_status":"closed","sticky":false,"template":"","format":"standard","meta":{"footnotes":""},"categories":[3],"tags":[],"class_list":["post-22497","post","type-post","status-publish","format-standard","has-post-thumbnail","hentry","category-deportes"],"_links":{"self":[{"href":"https:\/\/sacramentoqr.com\/index.php?rest_route=\/wp\/v2\/posts\/22497","targetHints":{"allow":["GET"]}}],"collection":[{"href":"https:\/\/sacramentoqr.com\/index.php?rest_route=\/wp\/v2\/posts"}],"about":[{"href":"https:\/\/sacramentoqr.com\/index.php?rest_route=\/wp\/v2\/types\/post"}],"author":[{"embeddable":true,"href":"https:\/\/sacramentoqr.com\/index.php?rest_route=\/wp\/v2\/users\/1"}],"replies":[{"embeddable":true,"href":"https:\/\/sacramentoqr.com\/index.php?rest_route=%2Fwp%2Fv2%2Fcomments&post=22497"}],"version-history":[{"count":1,"href":"https:\/\/sacramentoqr.com\/index.php?rest_route=\/wp\/v2\/posts\/22497\/revisions"}],"predecessor-version":[{"id":22498,"href":"https:\/\/sacramentoqr.com\/index.php?rest_route=\/wp\/v2\/posts\/22497\/revisions\/22498"}],"wp:featuredmedia":[{"embeddable":true,"href":"https:\/\/sacramentoqr.com\/index.php?rest_route=\/wp\/v2\/media\/22499"}],"wp:attachment":[{"href":"https:\/\/sacramentoqr.com\/index.php?rest_route=%2Fwp%2Fv2%2Fmedia&parent=22497"}],"wp:term":[{"taxonomy":"category","embeddable":true,"href":"https:\/\/sacramentoqr.com\/index.php?rest_route=%2Fwp%2Fv2%2Fcategories&post=22497"},{"taxonomy":"post_tag","embeddable":true,"href":"https:\/\/sacramentoqr.com\/index.php?rest_route=%2Fwp%2Fv2%2Ftags&post=22497"}],"curies":[{"name":"wp","href":"https:\/\/api.w.org\/{rel}","templated":true}]}}