{"id":22503,"date":"2024-04-23T12:11:59","date_gmt":"2024-04-23T17:11:59","guid":{"rendered":"https:\/\/sacramentoqr.com\/?p=22503"},"modified":"2024-04-23T17:12:01","modified_gmt":"2024-04-23T17:12:01","slug":"automotriz-alemana-ampliara-sus-operaciones-en-queretaro","status":"publish","type":"post","link":"https:\/\/sacramentoqr.com\/?p=22503","title":{"rendered":"Automotriz alemana ampliar\u00e1 sus operaciones en Quer\u00e9taro"},"content":{"rendered":"<p>Quer\u00e9taro, Qro. ZF Group, firma alemana de la industria automotriz, ampliar\u00e1 sus operaciones en Quer\u00e9taro, donde incorporar\u00e1 la primera l\u00ednea de direcci\u00f3n por cable con actuadores de volante, colocando a la entidad como pionera a nivel global en el desarrollo de esa tecnolog\u00eda.<\/p>\n<p>La firma -que suministra productos y sistemas avanzados para la movilidad de autom\u00f3viles- invertir\u00e1 222 millones de pesos en su proyecto de ampliaci\u00f3n, confirm\u00f3 el gobierno estatal en un comunicado de prensa.<\/p>\n<p>\u201cEs la primera vez que implementamos esto en toda la industria, as\u00ed que esta es la primera vez y estamos orgullosos de hacerlo en Quer\u00e9taro, en M\u00e9xico. Es una inversi\u00f3n enorme en la ciudad de Quer\u00e9taro, en nuestra planta. Tendremos m\u00e1s clientes en esa misma l\u00ednea y esto tambi\u00e9n implementar\u00e1 una gran cantidad de mano de obra, lo que nos permitir\u00e1 garantizar un crecimiento s\u00f3lido en la planta\u201d, declar\u00f3 el vicepresidente de Operations Steering de la compa\u00f1\u00eda, Andreas Temmen.<\/p>\n<p>El proyecto consiste en integrar electr\u00f3nica a la conducci\u00f3n, para que sea m\u00e1s exacta y segura, en direcciones de veh\u00edculos de pasajeros y comerciales.<\/p>\n<p>El anuncio de inversi\u00f3n se realiz\u00f3 durante el primer d\u00eda de la feria industrial Hannover Messe, que se efect\u00faa en Alemania, en un encuentro entre directivos de la firma y la comitiva de empresarios y servidores p\u00fablicos del estado.<\/p>\n<p>El vicepresidente precis\u00f3 que a trav\u00e9s de esta inversi\u00f3n prev\u00e9n crear 100 puestos de trabajo; y, a\u00f1adi\u00f3, permitir\u00e1 incorporar m\u00e1s clientes a esa l\u00ednea, as\u00ed como mantener un crecimiento en la planta.<\/p>\n<p>De acuerdo con los planes de la firma, estiman que al cierre del 2024 realicen un nuevo inicio de producci\u00f3n tambi\u00e9n con nueva tecnolog\u00eda, proveniente del estado, para atender al mercado de Norteam\u00e9rica.<\/p>\n<p>\u201cTendremos a finales de este a\u00f1o, en oto\u00f1o, un nuevo inicio de producci\u00f3n tambi\u00e9n con una nueva tecnolog\u00eda en Quer\u00e9taro para servir nuevamente al mercado norteamericano con una nueva tecnolog\u00eda proveniente de Quer\u00e9taro\u201d, extern\u00f3 el vicepresidente.<\/p>\n<p>Al exponer el proyecto de la compa\u00f1\u00eda, detall\u00f3 que impulsan la movilidad de pr\u00f3xima generaci\u00f3n, adem\u00e1s de consolidarse como el principal proveedor de fabricantes de autom\u00f3viles y de empresas emergentes en el transporte y la movilidad.<\/p>\n<p>Durante el anuncio de inversi\u00f3n, el gobernador Mauricio Kuri Gonz\u00e1lez reconoci\u00f3 a la compa\u00f1\u00eda por sumar procesos socialmente responsables, aunado a impulsar la sustentabilidad y la econom\u00eda circular.<\/p>\n<p>En Quer\u00e9taro ZF Group cuenta con tres instalaciones en las que manufactura sistemas de seguridad de frenos (en el Parque Industrial Quer\u00e9taro), desarrolla sistemas de frenos (en el Parque Tecnol\u00f3gico Innovaci\u00f3n Quer\u00e9taro) y fabrica sistemas de direcci\u00f3n (en el Parque Industrial Bernardo Quintana).<\/p>\n<p>La empresa de origen alem\u00e1n est\u00e1 presente en el pa\u00eds desde 1965; de momento, tiene 16 f\u00e1bricas en M\u00e9xico y generar 25,000 empleos en la manufactura de productos automotores (cinturones de seguridad, bolsas de aire, frenos, volantes, suspensi\u00f3n el\u00e9ctrica, amortiguadores, direcci\u00f3n y suspensi\u00f3n, etc\u00e9tera).<\/p>\n<p>Durante 2023, Alemania fue el tercer mayor inversor en el estado, al destinar 124.3 millones de d\u00f3lares de inversi\u00f3n extranjera directa que represent\u00f3 11.2% de la inversi\u00f3n que capt\u00f3 el estado, de acuerdo con registros de la Secretar\u00eda de Econom\u00eda.<\/p>\n","protected":false},"excerpt":{"rendered":"<p>Quer\u00e9taro, Qro. ZF Group, firma alemana de la industria automotriz, ampliar\u00e1 sus operaciones en Quer\u00e9taro,&#8230;<\/p>\n","protected":false},"author":1,"featured_media":22505,"comment_status":"open","ping_status":"closed","sticky":false,"template":"","format":"standard","meta":{"footnotes":""},"categories":[7],"tags":[],"class_list":["post-22503","post","type-post","status-publish","format-standard","has-post-thumbnail","hentry","category-nacional"],"_links":{"self":[{"href":"https:\/\/sacramentoqr.com\/index.php?rest_route=\/wp\/v2\/posts\/22503","targetHints":{"allow":["GET"]}}],"collection":[{"href":"https:\/\/sacramentoqr.com\/index.php?rest_route=\/wp\/v2\/posts"}],"about":[{"href":"https:\/\/sacramentoqr.com\/index.php?rest_route=\/wp\/v2\/types\/post"}],"author":[{"embeddable":true,"href":"https:\/\/sacramentoqr.com\/index.php?rest_route=\/wp\/v2\/users\/1"}],"replies":[{"embeddable":true,"href":"https:\/\/sacramentoqr.com\/index.php?rest_route=%2Fwp%2Fv2%2Fcomments&post=22503"}],"version-history":[{"count":1,"href":"https:\/\/sacramentoqr.com\/index.php?rest_route=\/wp\/v2\/posts\/22503\/revisions"}],"predecessor-version":[{"id":22504,"href":"https:\/\/sacramentoqr.com\/index.php?rest_route=\/wp\/v2\/posts\/22503\/revisions\/22504"}],"wp:featuredmedia":[{"embeddable":true,"href":"https:\/\/sacramentoqr.com\/index.php?rest_route=\/wp\/v2\/media\/22505"}],"wp:attachment":[{"href":"https:\/\/sacramentoqr.com\/index.php?rest_route=%2Fwp%2Fv2%2Fmedia&parent=22503"}],"wp:term":[{"taxonomy":"category","embeddable":true,"href":"https:\/\/sacramentoqr.com\/index.php?rest_route=%2Fwp%2Fv2%2Fcategories&post=22503"},{"taxonomy":"post_tag","embeddable":true,"href":"https:\/\/sacramentoqr.com\/index.php?rest_route=%2Fwp%2Fv2%2Ftags&post=22503"}],"curies":[{"name":"wp","href":"https:\/\/api.w.org\/{rel}","templated":true}]}}