{"id":22518,"date":"2024-04-24T09:25:56","date_gmt":"2024-04-24T14:25:56","guid":{"rendered":"https:\/\/sacramentoqr.com\/?p=22518"},"modified":"2024-04-24T14:25:57","modified_gmt":"2024-04-24T14:25:57","slug":"lemperatrice-en-plena-adolescencia-musical","status":"publish","type":"post","link":"https:\/\/sacramentoqr.com\/?p=22518","title":{"rendered":"L\u2019Emperatrice, en plena adolescencia musical"},"content":{"rendered":"<p>Han pasado 12 a\u00f1os desde que L\u2019Emperatrice se convirti\u00f3 en un nombre recurrente en la escena musical francesa y luego internacional.<\/p>\n<p>La banda originaria de Par\u00eds poco a poco se ha hecho de un nombre, primero con sencillos, luego con sus EP y, posteriormente, con los dos primeras producciones discogr\u00e1ficas.<\/p>\n<p>Pero, justo ahora, con una docena de a\u00f1os, tocando justo lo que se podr\u00eda llamar la adolescencia de la banda, se pusieron rebeldes como todo teen y decidieron que su tercer \u00e1lbum, Pulsar, ser\u00eda hecho en su totalidad por ellos\u2026 obvio no quer\u00edan adultos a su alrededor dici\u00e9ndoles qu\u00e9 hacer.<\/p>\n<p>Definitivamente podemos decir eso, que somos como una banda adolescente, porque, sin duda, hace cinco a\u00f1os no podr\u00edamos haber hecho un disco como \u00e9ste y en tan poco tiempo, as\u00ed que nos hemos vuelto m\u00e1s productivos en el buen sentido, m\u00e1s enfocados y creemos en nosotros.<\/p>\n<p>Eso me parece lo m\u00e1s importante, pienso que ese es el punto de este disco, que ahora somos lo suficientemente confiados y seguros de nosotros mismos que podemos tomar este tipo de decisiones en tan poco tiempo y hacerlo de la manera correcta, a diferencia de c\u00f3mo lo pudimos haber hecho a\u00f1os atr\u00e1s\u201d, explic\u00f3 Hagni Gwon, tecladista de L\u2019Emperatrice.<\/p>\n<p>Hasta el momento, de Pulsar se han desprendido dos sencillos, el m\u00e1s reciente Danza Marilu, fue el que los llev\u00f3 hasta el festival de Coachella los dos fines de semana de abril en los que se realiz\u00f3 el evento musical.<\/p>\n<p>Nos fue muy bien, es un festival que nos encanta y en el que disfrutamos mucho tocar\u201d, dijo Charles de Boisseguin, tecladista. Y a pregunta expresa sobre su opini\u00f3n de lo que hab\u00eda sucedido con Blur en su show en el festival des\u00e9rtico, Flore Benguigui se limit\u00f3 a decir que era algo \u201cmuy triste\u201d, mientras que Charles agreg\u00f3 que \u201ces algo que tiene que ver con la edad del p\u00fablico\u201d, sin entrar en m\u00e1s detalles.<\/p>\n<p>Con este nuevo \u00e1lbum, la banda, que se presentar\u00e1 este fin de semana en el Festival Vaiv\u00e9n en Jardines de M\u00e9xico, en el estado de Morelos, planea embarcarse en una gira que por el momento est\u00e1 pensada para recorrer Estados Unidos y Europa entre el verano y el invierno de este a\u00f1o.<\/p>\n<p>Sin embargo, la agrupaci\u00f3n est\u00e1 consciente de que en M\u00e9xico tiene una gran cantidad de seguidores, por lo que, sin querer revelar a\u00fan sus planes para la tierra azteca.<\/p>\n<p>En M\u00e9xico y Estados Unidos la gente nos ha recibido con mucho cari\u00f1o, el p\u00fablico siempre nos ha dado much\u00edsimo amor as\u00ed que realmente tenemos mucho que agradecerles, porque gracias a eso estamos donde estamos hoy.<\/p>\n<p>Habr\u00e1 una gira en M\u00e9xico, no ahora, pero la habr\u00e1, conf\u00eden. Pero les decimos que es algo que suceder\u00e1, les prometemos que vamos a volver\u201d, agreg\u00f3 Benguigui en su paso y visita a la colonia Condesa en la capital.<\/p>\n","protected":false},"excerpt":{"rendered":"<p>Han pasado 12 a\u00f1os desde que L\u2019Emperatrice se convirti\u00f3 en un nombre recurrente en la&#8230;<\/p>\n","protected":false},"author":1,"featured_media":22520,"comment_status":"open","ping_status":"closed","sticky":false,"template":"","format":"standard","meta":{"footnotes":""},"categories":[4],"tags":[],"class_list":["post-22518","post","type-post","status-publish","format-standard","has-post-thumbnail","hentry","category-espectaculos"],"_links":{"self":[{"href":"https:\/\/sacramentoqr.com\/index.php?rest_route=\/wp\/v2\/posts\/22518","targetHints":{"allow":["GET"]}}],"collection":[{"href":"https:\/\/sacramentoqr.com\/index.php?rest_route=\/wp\/v2\/posts"}],"about":[{"href":"https:\/\/sacramentoqr.com\/index.php?rest_route=\/wp\/v2\/types\/post"}],"author":[{"embeddable":true,"href":"https:\/\/sacramentoqr.com\/index.php?rest_route=\/wp\/v2\/users\/1"}],"replies":[{"embeddable":true,"href":"https:\/\/sacramentoqr.com\/index.php?rest_route=%2Fwp%2Fv2%2Fcomments&post=22518"}],"version-history":[{"count":1,"href":"https:\/\/sacramentoqr.com\/index.php?rest_route=\/wp\/v2\/posts\/22518\/revisions"}],"predecessor-version":[{"id":22519,"href":"https:\/\/sacramentoqr.com\/index.php?rest_route=\/wp\/v2\/posts\/22518\/revisions\/22519"}],"wp:featuredmedia":[{"embeddable":true,"href":"https:\/\/sacramentoqr.com\/index.php?rest_route=\/wp\/v2\/media\/22520"}],"wp:attachment":[{"href":"https:\/\/sacramentoqr.com\/index.php?rest_route=%2Fwp%2Fv2%2Fmedia&parent=22518"}],"wp:term":[{"taxonomy":"category","embeddable":true,"href":"https:\/\/sacramentoqr.com\/index.php?rest_route=%2Fwp%2Fv2%2Fcategories&post=22518"},{"taxonomy":"post_tag","embeddable":true,"href":"https:\/\/sacramentoqr.com\/index.php?rest_route=%2Fwp%2Fv2%2Ftags&post=22518"}],"curies":[{"name":"wp","href":"https:\/\/api.w.org\/{rel}","templated":true}]}}