{"id":22521,"date":"2024-04-24T09:55:41","date_gmt":"2024-04-24T14:55:41","guid":{"rendered":"https:\/\/sacramentoqr.com\/?p=22521"},"modified":"2024-04-24T14:55:42","modified_gmt":"2024-04-24T14:55:42","slug":"industria-de-jalisco-realizara-feria-de-promocion","status":"publish","type":"post","link":"https:\/\/sacramentoqr.com\/?p=22521","title":{"rendered":"Industria de Jalisco realizar\u00e1 feria de promoci\u00f3n"},"content":{"rendered":"<p>Guadalajara, Jal. Dado que Jalisco es uno de los tres estados con mayor industria del pa\u00eds y ocupa el primer lugar en fabricaci\u00f3n de calzado para dama, primer lugar en alimentos y bebidas y en joyer\u00eda, as\u00ed como el tercer lugar nacional en producci\u00f3n de muebles y vestido, el sector industrial y Expo Guadalajara realizar\u00e1n la primera Feria Industrial Jalisco (FEINJAL).<\/p>\n<p>El coordinador del Consejo de Industriales de Jalisco (IJ), Antonio Lancaster-Jones, coment\u00f3 que la feria que se realizar\u00e1 en noviembre en el recinto ferial, recibir\u00e1 8,000 visitantes entre compradores e inversionistas, \u00abque van a poder conocer lo que se hace en Jalisco y que est\u00e1 bien hecho\u00bb.<\/p>\n<p>\u00abPongamos a la industria en pie; si la industria crece, crece el comercio; si la industria crece, crece el campo; si la industria crece, crece Jalisco\u00bb, subray\u00f3 el dirigente de los industriales en el estado.<\/p>\n<p>Por su parte, el presidente de Expo Guadalajara, Luis Isa\u00edas Salazar, refiri\u00f3 que FEINJAL ser\u00e1 la primera exposici\u00f3n propia del recinto ferial que en 37 a\u00f1os de existencia, se hab\u00eda dedicado exclusivamente a rentar espacios a otros comit\u00e9s organizadores.<\/p>\n<p>Indic\u00f3 que en la feria, que se realizar\u00e1 del 19 al 22 de noviembre, participar\u00e1n sectores como la agroindustria, industrias creativas, manufacturas diversas, tecnolog\u00eda, ciencia e innovaci\u00f3n y turismo de reuniones de los 125 municipios del estado.<\/p>\n<p>\u00abEste va a ser el primer evento organizado por Expo, una gran feria de la industria jalisciense hacia el mundo aprovechando el nearshoring\u00bb, subray\u00f3 Salazar Ram\u00edrez.<\/p>\n<p>Detall\u00f3 que al momento, est\u00e1 confirmada la participaci\u00f3n del pabell\u00f3n de Industriales de Jalisco; pabell\u00f3n de Muebles por parte de la Asociaci\u00f3n de Fabricantes Muebleros de Jalisco (Afamjal); pabell\u00f3n Canaco especializado en industrias creativas; pabell\u00f3n de Expo Moda-Uniformes de la C\u00e1mara Nacional de la Industria del Vestido (CANAIVE); pabell\u00f3n de Energ\u00eda M\u00e9xico en asociaci\u00f3n con el Cl\u00faster para el Desarrollo Energ\u00e9tico de Jalisco; pabell\u00f3n de Cine Independiente donde participan los realizadores jaliscienses; el pabell\u00f3n Agroindustrial, y \u00e1rea de Nuevos Negocios para la promoci\u00f3n de los emprendedores.<\/p>\n<p>Hostelco en Guadalajara<br \/>\nPor otra parte, Luis Isa\u00edas Salazar, inform\u00f3 que en 2025 Hostelco, la feria espa\u00f1ola de la hospitalidad, realizar\u00e1 una exposici\u00f3n conjunta con Expo Guadalajara luego que directivos del recinto ferial tapat\u00edo acudieron el mes pasado a Barcelona y se entrevistaron con el rey Felipe de Espa\u00f1a.<\/p>\n<p>\u00abA la hora de presentarnos con el rey Felipe dijo: vamos a hacer una exposici\u00f3n en sociedad en Expo Guadalajara, para abril o mayo del a\u00f1o entrante. Es una gran noticia; esta exposici\u00f3n de ellos se llama Hostelco y es quiz\u00e1 la exposici\u00f3n m\u00e1s importante del mundo de proveedur\u00eda para la hospitalidad u HORECA que son hoteles, restaurantes y cafeter\u00edas\u00bb, puntualiz\u00f3.<\/p>\n<p>rrg<\/p>\n","protected":false},"excerpt":{"rendered":"<p>Guadalajara, Jal. Dado que Jalisco es uno de los tres estados con mayor industria del&#8230;<\/p>\n","protected":false},"author":1,"featured_media":22523,"comment_status":"open","ping_status":"closed","sticky":false,"template":"","format":"standard","meta":{"footnotes":""},"categories":[7],"tags":[],"class_list":["post-22521","post","type-post","status-publish","format-standard","has-post-thumbnail","hentry","category-nacional"],"_links":{"self":[{"href":"https:\/\/sacramentoqr.com\/index.php?rest_route=\/wp\/v2\/posts\/22521","targetHints":{"allow":["GET"]}}],"collection":[{"href":"https:\/\/sacramentoqr.com\/index.php?rest_route=\/wp\/v2\/posts"}],"about":[{"href":"https:\/\/sacramentoqr.com\/index.php?rest_route=\/wp\/v2\/types\/post"}],"author":[{"embeddable":true,"href":"https:\/\/sacramentoqr.com\/index.php?rest_route=\/wp\/v2\/users\/1"}],"replies":[{"embeddable":true,"href":"https:\/\/sacramentoqr.com\/index.php?rest_route=%2Fwp%2Fv2%2Fcomments&post=22521"}],"version-history":[{"count":1,"href":"https:\/\/sacramentoqr.com\/index.php?rest_route=\/wp\/v2\/posts\/22521\/revisions"}],"predecessor-version":[{"id":22522,"href":"https:\/\/sacramentoqr.com\/index.php?rest_route=\/wp\/v2\/posts\/22521\/revisions\/22522"}],"wp:featuredmedia":[{"embeddable":true,"href":"https:\/\/sacramentoqr.com\/index.php?rest_route=\/wp\/v2\/media\/22523"}],"wp:attachment":[{"href":"https:\/\/sacramentoqr.com\/index.php?rest_route=%2Fwp%2Fv2%2Fmedia&parent=22521"}],"wp:term":[{"taxonomy":"category","embeddable":true,"href":"https:\/\/sacramentoqr.com\/index.php?rest_route=%2Fwp%2Fv2%2Fcategories&post=22521"},{"taxonomy":"post_tag","embeddable":true,"href":"https:\/\/sacramentoqr.com\/index.php?rest_route=%2Fwp%2Fv2%2Ftags&post=22521"}],"curies":[{"name":"wp","href":"https:\/\/api.w.org\/{rel}","templated":true}]}}