{"id":22533,"date":"2024-04-25T10:40:06","date_gmt":"2024-04-25T15:40:06","guid":{"rendered":"https:\/\/sacramentoqr.com\/?p=22533"},"modified":"2024-04-25T15:40:07","modified_gmt":"2024-04-25T15:40:07","slug":"christian-nodal-cantara-en-concierto-de-aniversario-de-andrea-bocelli-es-el-unico-mexicano-invitado","status":"publish","type":"post","link":"https:\/\/sacramentoqr.com\/?p=22533","title":{"rendered":"Christian Nodal cantar\u00e1 en concierto de aniversario de Andrea Bocelli; \u00a1es el \u00fanico mexicano invitado!"},"content":{"rendered":"<p>Aunque en ocasiones Christian Nodal se ha visto en vuelto en la pol\u00e9mica, sobre todo por temas relacionados a su vida amorosa, el cantante sigue cosechando \u00e9xitos y ahora el int\u00e9rprete de \u201cAdi\u00f3s amor\u201d compartir\u00e1 escenario con Andrea Bocelli.<\/p>\n<p>El reconocido tenor Andrea Bocelli comparti\u00f3 en sus redes sociales que dentro de unos meses se realizar\u00e1 un concierto para celebrar sus 30 a\u00f1os de carrera. En dicho evento participar\u00e1n importantes cantantes, entre ellos Christian Nodal.<\/p>\n<p>Por medio de un comunicado, el equipo de Andrea Bocelli destac\u00f3 la trayectoria de Christian Nodal.<\/p>\n<p>\u201cEl carism\u00e1tico cantautor ha logrado revitalizar el sonido y atraer a una masa gigantesca de p\u00fablico joven totalmente enamorada de sus canciones, sus directos y su personalidad convirti\u00e9ndole en el artista mexicano de moda en todo el mundo de habla hispana\u201d.<\/p>\n<p>Por su parte, Christian Nodal tambi\u00e9n habl\u00f3 sobre la admiraci\u00f3n e inspiraci\u00f3n que tiene por el tenor.<\/p>\n<p>\u201cMe inspiraba con su voz y sus melod\u00edas mientras so\u00f1aba con alg\u00fan d\u00eda ser cantante, sin jam\u00e1s imaginar que un premio nos cruzar\u00eda y \u00e9l, el m\u00e1s grande de todos los tiempos, supiera de m\u00ed y me invitara a cantar junto a \u00e9l. No tengo palabras para describir lo que significa este sue\u00f1o para m\u00ed, el cantante y el ser humano. Gracias Andrea Bocelli por llevarme al cielo de ida y regreso estando vivo\u201d.<\/p>\n<p>Adem\u00e1s de Christian Nodal, quien es el \u00fanico mexicano invitado al concierto de Andrea Bocelli, hay otros importantes cantantes y personalidades que estar\u00e1n presentes en el evento para celebrar la carrera del tenor.<\/p>\n<p>Ed Sheeran, Brian May, Shania Twain, Jon Batiste, Russell Crowe, Sofia Vergara, David Foster, Sofia Carson, Laura Pausini, Tiziano Ferro, Zucchero, Giorgia, Matteo Bocelli, Virginia Bocelli y superestrellas cl\u00e1sicas Pl\u00e1cido Domingo, Jos\u00e9 Carreras, Lang Lang, Aida Garifullina, Bryn Terfel, Nadine Sierra y m\u00e1s por anunciar.<\/p>\n<p>El concierto de aniversario de Andrea Bocelli en el que participar\u00e1 Christian Nodal, tendr\u00e1 varias fechas y se realizar\u00e1n el pr\u00f3ximo 15, 17 y 19 de julio.<\/p>\n<p>El lugar en el que se llevar\u00e1 a cabo ser\u00e1 en el Teatro del Silenzio en la Toscana, en Italia.<\/p>\n","protected":false},"excerpt":{"rendered":"<p>Aunque en ocasiones Christian Nodal se ha visto en vuelto en la pol\u00e9mica, sobre todo&#8230;<\/p>\n","protected":false},"author":1,"featured_media":22535,"comment_status":"open","ping_status":"closed","sticky":false,"template":"","format":"standard","meta":{"footnotes":""},"categories":[4],"tags":[],"class_list":["post-22533","post","type-post","status-publish","format-standard","has-post-thumbnail","hentry","category-espectaculos"],"_links":{"self":[{"href":"https:\/\/sacramentoqr.com\/index.php?rest_route=\/wp\/v2\/posts\/22533","targetHints":{"allow":["GET"]}}],"collection":[{"href":"https:\/\/sacramentoqr.com\/index.php?rest_route=\/wp\/v2\/posts"}],"about":[{"href":"https:\/\/sacramentoqr.com\/index.php?rest_route=\/wp\/v2\/types\/post"}],"author":[{"embeddable":true,"href":"https:\/\/sacramentoqr.com\/index.php?rest_route=\/wp\/v2\/users\/1"}],"replies":[{"embeddable":true,"href":"https:\/\/sacramentoqr.com\/index.php?rest_route=%2Fwp%2Fv2%2Fcomments&post=22533"}],"version-history":[{"count":1,"href":"https:\/\/sacramentoqr.com\/index.php?rest_route=\/wp\/v2\/posts\/22533\/revisions"}],"predecessor-version":[{"id":22534,"href":"https:\/\/sacramentoqr.com\/index.php?rest_route=\/wp\/v2\/posts\/22533\/revisions\/22534"}],"wp:featuredmedia":[{"embeddable":true,"href":"https:\/\/sacramentoqr.com\/index.php?rest_route=\/wp\/v2\/media\/22535"}],"wp:attachment":[{"href":"https:\/\/sacramentoqr.com\/index.php?rest_route=%2Fwp%2Fv2%2Fmedia&parent=22533"}],"wp:term":[{"taxonomy":"category","embeddable":true,"href":"https:\/\/sacramentoqr.com\/index.php?rest_route=%2Fwp%2Fv2%2Fcategories&post=22533"},{"taxonomy":"post_tag","embeddable":true,"href":"https:\/\/sacramentoqr.com\/index.php?rest_route=%2Fwp%2Fv2%2Ftags&post=22533"}],"curies":[{"name":"wp","href":"https:\/\/api.w.org\/{rel}","templated":true}]}}