{"id":22545,"date":"2024-04-26T18:08:32","date_gmt":"2024-04-26T23:08:32","guid":{"rendered":"https:\/\/sacramentoqr.com\/?p=22545"},"modified":"2024-04-26T23:08:33","modified_gmt":"2024-04-26T23:08:33","slug":"carlos-acevedo-suena-con-jugar-el-mundial-de-2026-siempre-ha-estado-en-mis-planes","status":"publish","type":"post","link":"https:\/\/sacramentoqr.com\/?p=22545","title":{"rendered":"Carlos Acevedo sue\u00f1a con jugar el Mundial de 2026: \u00abSiempre ha estado en mis planes\u00bb"},"content":{"rendered":"<p>Con miras a la Copa Mundial de 2026. Carlos Acevedo tiene claro que buscar\u00e1 ganarse un lugar para el pr\u00f3ximo certamen y representar a M\u00e9xico con orgullo.<\/p>\n<p>\u201cSiempre ha estado en mis planes regresar a Selecci\u00f3n Mexicana, yo no sal\u00ed por baja de rendimiento, tuve una lesi\u00f3n que me merm\u00f3, tuve la mala fortuna que sali\u00f3 el cuerpo t\u00e9cnico estaba muy poco considerado\u201d, dijo en pl\u00e1tica para R\u00c9CORD.<\/p>\n<p>\u201cLa \u00fanica forma de llegar a Selecci\u00f3n es con buenas actuaciones, hoy me tengo que concentrar en levantar al equipo, levantar a Santos, tenerlo donde tiene que estar\u201d, continu\u00f3. A su vez, explic\u00f3 lo complicado que fue salir de la concentraci\u00f3n del Tri, luego de una lamentable lesi\u00f3n.<\/p>\n<p>\u201cEs parte del deporte, lleg\u00f3 en un momento que no lo imaginaba, al inicio de un partido con Selecci\u00f3n Mexicana, de pronto viene este golpe fuerte, es parte de, hoy por hoy estoy recuperado, pero veo el lado positivo que pude terminar el torneo, con las 17 fechas jugadas, es parte de la vida profesional del deportista\u201d, argument\u00f3.<\/p>\n<p>El arquero de Santos no quiso entrar en controversia respecto al tema, argument\u00f3 que a ambos los admira y respeta.<\/p>\n<p>\u201cTanto a Nahuel como Esteban les tengo mucho aprecio y reconocimiento, son grandes arqueros para nada hablar\u00eda mal de ninguno de ellos, es un problema que ya arreglaron ellos, el que se haya equivocado tendr\u00e1 que pedir disculpas\u201d, mencion\u00f3.<\/p>\n","protected":false},"excerpt":{"rendered":"<p>Con miras a la Copa Mundial de 2026. Carlos Acevedo tiene claro que buscar\u00e1 ganarse&#8230;<\/p>\n","protected":false},"author":1,"featured_media":22547,"comment_status":"open","ping_status":"closed","sticky":false,"template":"","format":"standard","meta":{"footnotes":""},"categories":[3],"tags":[],"class_list":["post-22545","post","type-post","status-publish","format-standard","has-post-thumbnail","hentry","category-deportes"],"_links":{"self":[{"href":"https:\/\/sacramentoqr.com\/index.php?rest_route=\/wp\/v2\/posts\/22545","targetHints":{"allow":["GET"]}}],"collection":[{"href":"https:\/\/sacramentoqr.com\/index.php?rest_route=\/wp\/v2\/posts"}],"about":[{"href":"https:\/\/sacramentoqr.com\/index.php?rest_route=\/wp\/v2\/types\/post"}],"author":[{"embeddable":true,"href":"https:\/\/sacramentoqr.com\/index.php?rest_route=\/wp\/v2\/users\/1"}],"replies":[{"embeddable":true,"href":"https:\/\/sacramentoqr.com\/index.php?rest_route=%2Fwp%2Fv2%2Fcomments&post=22545"}],"version-history":[{"count":1,"href":"https:\/\/sacramentoqr.com\/index.php?rest_route=\/wp\/v2\/posts\/22545\/revisions"}],"predecessor-version":[{"id":22546,"href":"https:\/\/sacramentoqr.com\/index.php?rest_route=\/wp\/v2\/posts\/22545\/revisions\/22546"}],"wp:featuredmedia":[{"embeddable":true,"href":"https:\/\/sacramentoqr.com\/index.php?rest_route=\/wp\/v2\/media\/22547"}],"wp:attachment":[{"href":"https:\/\/sacramentoqr.com\/index.php?rest_route=%2Fwp%2Fv2%2Fmedia&parent=22545"}],"wp:term":[{"taxonomy":"category","embeddable":true,"href":"https:\/\/sacramentoqr.com\/index.php?rest_route=%2Fwp%2Fv2%2Fcategories&post=22545"},{"taxonomy":"post_tag","embeddable":true,"href":"https:\/\/sacramentoqr.com\/index.php?rest_route=%2Fwp%2Fv2%2Ftags&post=22545"}],"curies":[{"name":"wp","href":"https:\/\/api.w.org\/{rel}","templated":true}]}}