{"id":22554,"date":"2024-04-26T19:24:29","date_gmt":"2024-04-27T00:24:29","guid":{"rendered":"https:\/\/sacramentoqr.com\/?p=22554"},"modified":"2024-04-27T00:24:30","modified_gmt":"2024-04-27T00:24:30","slug":"eugenio-derbez-muestra-el-lado-bueno-de-mexico-en-serie-acapulco","status":"publish","type":"post","link":"https:\/\/sacramentoqr.com\/?p=22554","title":{"rendered":"Eugenio Derbez muestra el lado bueno de M\u00e9xico en serie Acapulco"},"content":{"rendered":"<p>Por m\u00e1s de 70 a\u00f1os, el puerto de Acapulco ha sido el escenario principal de miles de historias y el destino por excelencia para las familias mexicanas y extranjeras que gustan de disfrutar de las playas del Pac\u00edfico.<\/p>\n<p>Eugenio Derbez tiene recuerdos muy claros de sus viajes en familia a Acapulco cuando era un ni\u00f1o y fue en 2017, mientras trabajaba en la cinta C\u00f3mo ser un Latin Lover, que tuvo la idea de crear una serie en el puerto\u2026 pero un proyecto que la familia completa pudiera disfrutar sin estereotipos negativos, con esa idea el actor y productor dio vida a Acapulco, proyecto que llega a su tercera temporada en Apple TV+ a partir del 1 de mayo.<\/p>\n<p>Recuerdo que ah\u00ed es donde pas\u00e9 todas mis vacaciones con mis pap\u00e1s, Acapulco me recuerda toda mi infancia, mis padres, mi relaci\u00f3n con ellos, incluso a m\u00ed me toc\u00f3 salvar a un ni\u00f1o en playa revolcadero que se estaba ahogando\u2026 fue la primera vez en mi vida que le salv\u00e9 la vida a alguien, tambi\u00e9n fue donde viaj\u00e9 por primera vez con los pap\u00e1s de mi novia, mi primer viaje rom\u00e1ntico con mi primera novia. Amo Acapulco porque justamente ah\u00ed viv\u00ed las mejores \u00e9pocas de mi vida.<\/p>\n<p>Ten\u00eda ganas de ser una serie que pusiera el nombre de M\u00e9xico en alto, porque a nivel internacional todo lo que se ve en las noticias es malo: que tantos muertos, el narcotr\u00e1fico, el crimen organizado&#8230;en fin, puras cosas negativas. Ya es hora de hablar bien de M\u00e9xico, de mostrar paisanos buenos y que la gente sepa que este pa\u00eds es mucho m\u00e1s que violencia\u201d, se\u00f1al\u00f3 Derbez en entrevista con los medios de comunicaci\u00f3n.<\/p>\n<p>Pero la idea no s\u00f3lo viene del actor, Austin Winsberg y Sam Laybourne, productores ejecutivos de Acapulco, est\u00e1n convencidos de que en la cultura latina, en este caso la mexicana, hay mucho m\u00e1s que estereotipos o im\u00e1genes malas que mostrar.<\/p>\n<p>Desde la creaci\u00f3n del programa, trabajando con Eugenio, con Eduardo Cisneros y Jason Schuman, decidimos que quer\u00edamos mostrar la mentalidad positiva y cultura y no jugar con estereotipos o el tipo de cosas que a veces asocias con personajes mexicanos en Hollywood. \u00c9ramos muy conscientes de alejarnos de eso y enfocarnos en los aspectos positivos de la cultura mexicana, la familia, la uni\u00f3n, la alegr\u00eda y el amor, de los cuales abunda.<\/p>\n<p>Hay una vida cultural tan rica que se trata simplemente de ser aut\u00e9ntico, verdadero y espec\u00edfico, y, desde el principio, desde el personal de redacci\u00f3n hasta el equipo y el elenco, que fuera en su mayor\u00eda mexicano, nos ayuda a arrojar luz sobre toda la positividad de la cultura. Es nuestro trabajo escribir historias universales con personajes tridimensionales, y honestamente es maravilloso que eso est\u00e9 en M\u00e9xico, pero podr\u00eda ser en cualquier lugar as\u00ed\u201d, explic\u00f3 Winsberg.<\/p>\n<p>Desea la recuperaci\u00f3n tras el paso de Otis<\/p>\n<p>Y si bien en esta tercera entrega de la serie el p\u00fablico se adentra en una faceta nueva y diferente de la vida de M\u00e1ximo -interpretado por Enrique Arrizon y Eugenio Derbez-, el comediante espera que la serie no s\u00f3lo d\u00e9 una visi\u00f3n diferente a lo que se lee del pa\u00eds, sino tambi\u00e9n que esta serie fomente el turismo en el puerto que en octubre pasado fue devastado por el hurac\u00e1n Otis.<\/p>\n<p>De verdad tengo la esperanza de que la gente, despu\u00e9s de ver Acapulco, sobre todo el turismo internacional, se anime a darse una vuelta por all\u00e1, porque creo que se podr\u00eda recuperar mucho m\u00e1s r\u00e1pido con la asistencia de la gente, del turismo. Ojal\u00e1, de verdad, que la serie inspire a la gente a viajar para que la recuperaci\u00f3n sea m\u00e1s r\u00e1pida\u201d, agreg\u00f3 Derbez.<\/p>\n<p>Para darle vida a M\u00e1ximo en su etapa joven, Arrizon, de 23 a\u00f1os, se tuvo que aventar un clavado en la historia de los a\u00f1os 80 para entender el contexto que se viv\u00eda en aquella \u00e9poca, principalmente en 1985, y al mismo tiempo volverse un observador consumado para captar todos los gestos y ademanes de Eugenio.<\/p>\n<p>Ha sido un trabajo que nos ha llevado a\u00f1os. Tuve la gran oportunidad de ver el trabajo que se hace d\u00eda a d\u00eda y de ver a Eugenio hacer sus escenas. De ah\u00ed pude estudiar las gesticulaciones de sus reacciones, sus manierismos y as\u00ed combinar su versi\u00f3n con la m\u00eda. Intentar tener el tono de voz, el mismo entusiasmo y eso a la gente le ha gustado mucho.<\/p>\n<p>No soy de esa d\u00e9cada, pero me hubiera encantado tambi\u00e9n, y mucho viene desde la imaginaci\u00f3n. Pero las personas del equipo de arte han hecho algo incre\u00edble, tuvimos un hotel que fue repintado, precioso, por tres meses, realmente siento que s\u00ed estuve en los ochentas y eso te ayuda a entender m\u00e1s la \u00e9poca. La ropa, la m\u00fasica, mucho de eso te ayuda pero tambi\u00e9n gran parte del equipo vivi\u00f3 esa y nos ayuda mucho escuchar sus historiasy sus sugerencias\u201d, resalt\u00f3 el actor.<\/p>\n<p>La tercera temporada, que tendr\u00e1 un episodio doble de estreno el 1 de mayo y que continuar\u00e1 con estrenos semanales hasta completar los 10 cap\u00edtulos, sumar\u00e1 en esta continuaci\u00f3n a Jaime Camil y Cristo Fern\u00e1ndez (Dani Rojas, en Ted Lasso).<\/p>\n<p>Acapulco continuar\u00e1 las historias personales en el hotel Las Colinas, cuyos personajes tendr\u00e1n que enmendar errores del pasado para continuar su destino.<\/p>\n<p>&nbsp;<\/p>\n","protected":false},"excerpt":{"rendered":"<p>Por m\u00e1s de 70 a\u00f1os, el puerto de Acapulco ha sido el escenario principal de&#8230;<\/p>\n","protected":false},"author":1,"featured_media":22556,"comment_status":"open","ping_status":"closed","sticky":false,"template":"","format":"standard","meta":{"footnotes":""},"categories":[4],"tags":[],"class_list":["post-22554","post","type-post","status-publish","format-standard","has-post-thumbnail","hentry","category-espectaculos"],"_links":{"self":[{"href":"https:\/\/sacramentoqr.com\/index.php?rest_route=\/wp\/v2\/posts\/22554","targetHints":{"allow":["GET"]}}],"collection":[{"href":"https:\/\/sacramentoqr.com\/index.php?rest_route=\/wp\/v2\/posts"}],"about":[{"href":"https:\/\/sacramentoqr.com\/index.php?rest_route=\/wp\/v2\/types\/post"}],"author":[{"embeddable":true,"href":"https:\/\/sacramentoqr.com\/index.php?rest_route=\/wp\/v2\/users\/1"}],"replies":[{"embeddable":true,"href":"https:\/\/sacramentoqr.com\/index.php?rest_route=%2Fwp%2Fv2%2Fcomments&post=22554"}],"version-history":[{"count":1,"href":"https:\/\/sacramentoqr.com\/index.php?rest_route=\/wp\/v2\/posts\/22554\/revisions"}],"predecessor-version":[{"id":22555,"href":"https:\/\/sacramentoqr.com\/index.php?rest_route=\/wp\/v2\/posts\/22554\/revisions\/22555"}],"wp:featuredmedia":[{"embeddable":true,"href":"https:\/\/sacramentoqr.com\/index.php?rest_route=\/wp\/v2\/media\/22556"}],"wp:attachment":[{"href":"https:\/\/sacramentoqr.com\/index.php?rest_route=%2Fwp%2Fv2%2Fmedia&parent=22554"}],"wp:term":[{"taxonomy":"category","embeddable":true,"href":"https:\/\/sacramentoqr.com\/index.php?rest_route=%2Fwp%2Fv2%2Fcategories&post=22554"},{"taxonomy":"post_tag","embeddable":true,"href":"https:\/\/sacramentoqr.com\/index.php?rest_route=%2Fwp%2Fv2%2Ftags&post=22554"}],"curies":[{"name":"wp","href":"https:\/\/api.w.org\/{rel}","templated":true}]}}