{"id":22602,"date":"2024-04-30T09:13:05","date_gmt":"2024-04-30T14:13:05","guid":{"rendered":"https:\/\/sacramentoqr.com\/?p=22602"},"modified":"2024-04-30T14:13:06","modified_gmt":"2024-04-30T14:13:06","slug":"entra-en-vigor-en-florida-la-prohibicion-del-aborto-a-las-seis-semanas-de-embarazo","status":"publish","type":"post","link":"https:\/\/sacramentoqr.com\/?p=22602","title":{"rendered":"Entra en vigor en Florida la prohibici\u00f3n del aborto a las seis semanas de embarazo"},"content":{"rendered":"<p>La entrada en vigor a partir de este mi\u00e9rcoles en Florida de una nueva ley que proh\u00edbe el aborto desde la sexta semana de embarazo termina de configurar la casi imposibilidad de esta pr\u00e1ctica en el sureste de EE.UU., seg\u00fan ponen de relieve los detractores de la normativa.<\/p>\n<p>\u201cEl sureste ya est\u00e1 experimentando una crisis de salud p\u00fablica y prohibir el aborto en Florida solo empeorar\u00e1 la situaci\u00f3n\u201d, se\u00f1al\u00f3 a EFE, Lauren Brenzel, directora de campa\u00f1a de Floridans Protecting Freedom.<\/p>\n<p>Esta organizaci\u00f3n llev\u00f3 hasta la Corte Suprema estatal, que termin\u00f3 d\u00e1ndoles la raz\u00f3n, una campa\u00f1a para someter a refer\u00e9ndum en las elecciones de noviembre pr\u00f3ximo una enmienda a la Constituci\u00f3n de Florida, que de lograr un m\u00ednimo de 60 por ciento de votos a favor, proteger\u00eda el acceso al aborto y \u201csin interferencia de los pol\u00edticos\u201d.<\/p>\n<p>Grupos civiles y el propio presidente de EE.UU., Joe Biden, que en noviembre aspira a un segundo t\u00e9rmino, han invertido esfuerzos para llevar votantes a las urnas de este estado, que ahora con el aborto ha fortalecido la esperanza electoral para el partido gobernante, el cual no gana en Florida en unas presidenciales desde 2012.<\/p>\n<p>De hecho, la vicepresidenta, Kamala Harris, tiene previsto este mi\u00e9rcoles un acto de campa\u00f1a en Jacksonville, en el norte del estado, donde hablar\u00e1 de \u201cla lucha por los derechos reproductivos\u201d, de acuerdo a la Casa Blanca.<\/p>\n<p>A pesar de las victorias de los republicanos en los \u00faltimos ciclos electorales, y de que en cuanto a votantes inscritos los conservadores han superado a los dem\u00f3cratas por unos 900 mil simpatizantes, Biden considera que en las pr\u00f3ximas elecciones generales Florida a\u00fan \u201cest\u00e1 en juego\u201d, y un elemento clave de ello es el referendo sobre la interrupci\u00f3n del embarazo.<\/p>\n<p>\u201cEsta enmienda ofrece un rayo de esperanza para los floridanos que viven bajo leyes de aborto cada vez m\u00e1s restrictivas, incluida una inminente prohibici\u00f3n de seis semanas que eliminar\u00eda esta (capacidad de) decisi\u00f3n antes de que muchas sepan que est\u00e1n embarazadas\u201d, asever\u00f3 Brenzel.<\/p>\n<p>\u201cNo podemos predecir el resultado de la votaci\u00f3n, ya que Florida es un estado pol\u00edticamente diverso con fuertes opiniones en ambos lados del espectro pol\u00edtico\u201d, reconoci\u00f3 a EFE, Clara Trullenque, portavoz de Planned Parenthood Florida, filial estatal de la m\u00e1s grande organizaci\u00f3n de EE.UU. que asiste a las mujeres en salud reproductiva.<\/p>\n<p>Trullenque aludi\u00f3 a una reciente encuesta seg\u00fan la cual un 64 por ciento de floridanos apoya el aborto. Pero otro sondeo, de la Florida Atlantic University (FAU), refleja que la enmienda constitucional solo cuenta con un 49 por ciento de apoyo y un 32 por ciento se halla indeciso.<\/p>\n<p>\u201cLos pol\u00edticos y los jueces no deber\u00edan entrometerse en las decisiones personales y m\u00e9dicas de las personas\u201d, recalca la portavoz de Planned Parenthood Florida.<\/p>\n<p>Esta organizaci\u00f3n recuerda que Florida hab\u00eda estado prestando servicios a pacientes que se ve\u00edan obligadas a viajar para poder recibir atenci\u00f3n m\u00e9dica desde otros estados del sureste, donde se estima hay unas 17 millones de mujeres en edad reproductiva y que viven bajo alg\u00fan tipo de restricci\u00f3n al aborto.<\/p>\n<p>\u201cEsta nueva ley cambiar\u00e1 por completo esta din\u00e1mica\u201d, se\u00f1al\u00f3 Trullenque.<\/p>\n<p>A\u00f1adi\u00f3 que con la nueva norma aumentar\u00e1n los \u201cabortos no regulados y potencialmente inseguros y peligrosos a nivel vital\u201d, un efecto que podr\u00eda \u201cderivar en una crisis sanitaria con un aumento de complicaciones m\u00e9dicas graves\u201d.<\/p>\n<p>En un acto de campa\u00f1a de Biden celebrado la semana pasada en Tampa, en el oeste de Florida, Kaitlyn Joshua, madre de familia y activista por los derechos reproductivos en Luisiana, relat\u00f3 su experiencia al comienzo de su segundo embarazo.<\/p>\n<p>Tras sufrir de fuertes dolores y profusos sangrados se dirigi\u00f3 a una sala de emergencia con un cuadro de aborto espont\u00e1neo, pero debido a la prohibici\u00f3n estatal los m\u00e9dicos no le informaron lo que ocurr\u00eda y la mandaron de vuelta a su domicilio.<\/p>\n<p>Para Biden, el culpable de todo ello es su virtual oponente republicano, el expresidente Donald Trump (2017-2021), quien no dudar\u00e1 en instaurar una prohibici\u00f3n nacional al aborto.<\/p>\n<p>Seg\u00fan Biden, Trump se jacta de ser la causa de que en junio de 2022 el Supremo de EE.UU. terminara con las protecciones federales establecidas en el caso de Roe vs. Wade y que evitaba que los estados legislaran sobre el aborto.<\/p>\n","protected":false},"excerpt":{"rendered":"<p>La entrada en vigor a partir de este mi\u00e9rcoles en Florida de una nueva ley&#8230;<\/p>\n","protected":false},"author":1,"featured_media":22604,"comment_status":"open","ping_status":"closed","sticky":false,"template":"","format":"standard","meta":{"footnotes":""},"categories":[5],"tags":[],"class_list":["post-22602","post","type-post","status-publish","format-standard","has-post-thumbnail","hentry","category-internacional"],"_links":{"self":[{"href":"https:\/\/sacramentoqr.com\/index.php?rest_route=\/wp\/v2\/posts\/22602","targetHints":{"allow":["GET"]}}],"collection":[{"href":"https:\/\/sacramentoqr.com\/index.php?rest_route=\/wp\/v2\/posts"}],"about":[{"href":"https:\/\/sacramentoqr.com\/index.php?rest_route=\/wp\/v2\/types\/post"}],"author":[{"embeddable":true,"href":"https:\/\/sacramentoqr.com\/index.php?rest_route=\/wp\/v2\/users\/1"}],"replies":[{"embeddable":true,"href":"https:\/\/sacramentoqr.com\/index.php?rest_route=%2Fwp%2Fv2%2Fcomments&post=22602"}],"version-history":[{"count":1,"href":"https:\/\/sacramentoqr.com\/index.php?rest_route=\/wp\/v2\/posts\/22602\/revisions"}],"predecessor-version":[{"id":22603,"href":"https:\/\/sacramentoqr.com\/index.php?rest_route=\/wp\/v2\/posts\/22602\/revisions\/22603"}],"wp:featuredmedia":[{"embeddable":true,"href":"https:\/\/sacramentoqr.com\/index.php?rest_route=\/wp\/v2\/media\/22604"}],"wp:attachment":[{"href":"https:\/\/sacramentoqr.com\/index.php?rest_route=%2Fwp%2Fv2%2Fmedia&parent=22602"}],"wp:term":[{"taxonomy":"category","embeddable":true,"href":"https:\/\/sacramentoqr.com\/index.php?rest_route=%2Fwp%2Fv2%2Fcategories&post=22602"},{"taxonomy":"post_tag","embeddable":true,"href":"https:\/\/sacramentoqr.com\/index.php?rest_route=%2Fwp%2Fv2%2Ftags&post=22602"}],"curies":[{"name":"wp","href":"https:\/\/api.w.org\/{rel}","templated":true}]}}