{"id":22635,"date":"2024-05-02T18:00:11","date_gmt":"2024-05-02T23:00:11","guid":{"rendered":"https:\/\/sacramentoqr.com\/?p=22635"},"modified":"2024-05-03T05:02:49","modified_gmt":"2024-05-03T05:02:49","slug":"dan-libertad-provisional-a-mujer-que-llevo-cadaver-de-su-tio-a-pedir-un-prestamo","status":"publish","type":"post","link":"https:\/\/sacramentoqr.com\/?p=22635","title":{"rendered":"Dan libertad provisional a mujer que llev\u00f3 cad\u00e1ver de su t\u00edo a pedir un pr\u00e9stamo"},"content":{"rendered":"<p>La Justicia brasile\u00f1a decret\u00f3 la libertad provisional para la mujer que llev\u00f3 a su t\u00edo muerto en una silla de ruedas a un banco de R\u00edo de Janeiro y que ser\u00e1 juzgada por los delitos de \u201ctentativa de estafa\u201d y \u201cprofanaci\u00f3n de cad\u00e1ver\u201d.<\/p>\n<p>La jueza Luciana Mocco acept\u00f3 la denuncia presentada por la Fiscal\u00eda al apreciar \u201cindicios m\u00ednimos de autor\u00eda y materialidad\u201d por parte de \u00c9rika de Souza, dentro del caso conocido como \u2018T\u00edo Paulo\u2018, de gran repercusi\u00f3n internacional.<\/p>\n<p>La magistrada, sin embargo, rechaz\u00f3 la manutenci\u00f3n de la prisi\u00f3n preventiva, como solicitaba el Ministerio P\u00fablico, y puso a la mujer en libertad provisional al tener \u201cresidencia fija\u201d, \u201cno representar un peligro para la instrucci\u00f3n\u201d ni tampoco suponer un \u201criesgo para el orden p\u00fablico\u201d.<\/p>\n<p>\u201cA pesar de la gran repercusi\u00f3n del caso en las redes nacionales e internacionales, ya que el video tomado en el interior de la sucursal bancaria fue ampliamente difundido en las redes sociales\u201d, no se justifica \u201cla medida excepcional de privaci\u00f3n de libertad\u201d, valor\u00f3 en su decisi\u00f3n.<\/p>\n<p>Sin embargo, la jueza le impuso medidas cautelares, entre ellas comparecer todos los meses en el juzgado y no ausentarse de R\u00edo por un plazo superior a siete d\u00edas, salvo autorizaci\u00f3n expresa del tribunal.<\/p>\n<p>Los hechos sucedieron el pasado 16 de abril en una agencia bancaria de Bang\u00fa, un barrio en la zona oeste de R\u00edo.<\/p>\n<p>Seg\u00fan la Fiscal\u00eda, \u00c9rika de Souza, de forma \u201cconsciente y voluntaria\u201d, profan\u00f3 el cad\u00e1ver de su t\u00edo Paulo Roberto Braga, al que cuidaba, tras trasladarlo a una agencia bancaria y haber permanecido en el lugar, \u201cincluso tras su muerte\u201d.<\/p>\n<p>Su objetivo era sacar un pr\u00e9stamo de 17 mil 975 reales (unos 3 mil 500 d\u00f3lares) a nombre de su t\u00edo, lo que para la acusaci\u00f3n demuestra un \u201ctotal desprecio y una falta de respeto\u201d hacia su pariente, que al parecer llevaba muerto algunas horas.<\/p>\n<p>Una empleada de la sucursal grab\u00f3 con su celular como la acusada intentaba sostener erguida la cabeza de su t\u00edo, al que tambi\u00e9n hablaba como si estuviera vivo: \u201cT\u00edo, \u00bfest\u00e1 escuchando? Necesita firmar. Si no firma, no hay manera. Yo no puedo firmar por usted\u201d.<\/p>\n<p>En paralelo, tambi\u00e9n fue abierta una investigaci\u00f3n contra ella por \u201chomicidio imprudente\u201c.<\/p>\n<p>Para la Polic\u00eda \u201cno hay dudas de que sab\u00eda que su t\u00edo estaba muerto\u201d y sostiene adem\u00e1s que incurri\u00f3 en una \u201comisi\u00f3n flagrante de socorro\u201d al ir con \u00e9l a un centro comercial en vez de a un hospital, poco antes de acudir al banco.<\/p>\n","protected":false},"excerpt":{"rendered":"<p>La Justicia brasile\u00f1a decret\u00f3 la libertad provisional para la mujer que llev\u00f3 a su t\u00edo&#8230;<\/p>\n","protected":false},"author":1,"featured_media":22637,"comment_status":"open","ping_status":"closed","sticky":false,"template":"","format":"standard","meta":{"footnotes":""},"categories":[5],"tags":[],"class_list":["post-22635","post","type-post","status-publish","format-standard","has-post-thumbnail","hentry","category-internacional"],"_links":{"self":[{"href":"https:\/\/sacramentoqr.com\/index.php?rest_route=\/wp\/v2\/posts\/22635","targetHints":{"allow":["GET"]}}],"collection":[{"href":"https:\/\/sacramentoqr.com\/index.php?rest_route=\/wp\/v2\/posts"}],"about":[{"href":"https:\/\/sacramentoqr.com\/index.php?rest_route=\/wp\/v2\/types\/post"}],"author":[{"embeddable":true,"href":"https:\/\/sacramentoqr.com\/index.php?rest_route=\/wp\/v2\/users\/1"}],"replies":[{"embeddable":true,"href":"https:\/\/sacramentoqr.com\/index.php?rest_route=%2Fwp%2Fv2%2Fcomments&post=22635"}],"version-history":[{"count":1,"href":"https:\/\/sacramentoqr.com\/index.php?rest_route=\/wp\/v2\/posts\/22635\/revisions"}],"predecessor-version":[{"id":22636,"href":"https:\/\/sacramentoqr.com\/index.php?rest_route=\/wp\/v2\/posts\/22635\/revisions\/22636"}],"wp:featuredmedia":[{"embeddable":true,"href":"https:\/\/sacramentoqr.com\/index.php?rest_route=\/wp\/v2\/media\/22637"}],"wp:attachment":[{"href":"https:\/\/sacramentoqr.com\/index.php?rest_route=%2Fwp%2Fv2%2Fmedia&parent=22635"}],"wp:term":[{"taxonomy":"category","embeddable":true,"href":"https:\/\/sacramentoqr.com\/index.php?rest_route=%2Fwp%2Fv2%2Fcategories&post=22635"},{"taxonomy":"post_tag","embeddable":true,"href":"https:\/\/sacramentoqr.com\/index.php?rest_route=%2Fwp%2Fv2%2Ftags&post=22635"}],"curies":[{"name":"wp","href":"https:\/\/api.w.org\/{rel}","templated":true}]}}