{"id":22668,"date":"2024-05-06T17:24:30","date_gmt":"2024-05-06T22:24:30","guid":{"rendered":"https:\/\/sacramentoqr.com\/?p=22668"},"modified":"2024-05-06T22:24:31","modified_gmt":"2024-05-06T22:24:31","slug":"horacio-de-la-vega-le-cierra-las-puertas-a-julio-urias-ante-una-posible-llegada-a-lmb","status":"publish","type":"post","link":"https:\/\/sacramentoqr.com\/?p=22668","title":{"rendered":"Horacio de la Vega le cierra las puertas a Julio Ur\u00edas ante una posible llegada a LMB"},"content":{"rendered":"<p>El lanzador mexicano Julio Ur\u00edas enfrenta un proceso legal desde 2023 por violencia dom\u00e9stica, lo que ha suscitado preguntas sobre su posible participaci\u00f3n en la Liga Mexicana de B\u00e9isbol (LMB). Horacio de la Vega, presidente de la LMB, ha abordado este tema recientemente.<\/p>\n<p>Ur\u00edas, conocido por su destacada carrera en las Grandes Ligas con los Dodgers de Los \u00c1ngeles, fue sentenciado a 36 meses de libertad condicional tras ser arrestado por violencia dom\u00e9stica contra su pareja en septiembre del a\u00f1o pasado. Esto ha planteado dudas sobre su futuro deportivo tanto en MLB como en LMB, a pesar de los rumores previos.<br \/>\nA pesar de sus logros en la Serie Mundial con los Dodgers, Ur\u00edas se vio envuelto en un giro inesperado cuando fue arrestado cerca del BMO Stadium, hogar del LAFC de la MLS, por acusaciones de agresi\u00f3n hacia su pareja. Despu\u00e9s de meses de proceso legal, lleg\u00f3 a un acuerdo para evitar la c\u00e1rcel, pero debe cumplir con condiciones de libertad condicional, servicio comunitario y asesoramiento contra la violencia dom\u00e9stica.<br \/>\nLa determinaci\u00f3n de la Oficina del Fiscal de Los \u00c1ngeles ha afectado su capacidad para jugar en MLB mientras contin\u00faan las investigaciones. Esto tambi\u00e9n se traduce en su inaccesibilidad para unirse a cualquier equipo de LMB en este momento, oblig\u00e1ndolo a explorar otras opciones para su carrera deportiva.<\/p>\n<p>Miguel Ojeda, director deportivo de los Diablos Rojos del M\u00e9xico, expres\u00f3 inter\u00e9s en Ur\u00edas, pero las restricciones legales han disipado esa posibilidad. Horacio de la Vega, presidente de la LMB, fue claro al se\u00f1alar que ning\u00fan jugador en proceso legal podr\u00e1 jugar en equipos mexicanos, seg\u00fan lo acordado en una reciente asamblea de due\u00f1os de la MLB.<\/p>\n","protected":false},"excerpt":{"rendered":"<p>El lanzador mexicano Julio Ur\u00edas enfrenta un proceso legal desde 2023 por violencia dom\u00e9stica, lo&#8230;<\/p>\n","protected":false},"author":1,"featured_media":22670,"comment_status":"open","ping_status":"closed","sticky":false,"template":"","format":"standard","meta":{"footnotes":""},"categories":[3],"tags":[],"class_list":["post-22668","post","type-post","status-publish","format-standard","has-post-thumbnail","hentry","category-deportes"],"_links":{"self":[{"href":"https:\/\/sacramentoqr.com\/index.php?rest_route=\/wp\/v2\/posts\/22668","targetHints":{"allow":["GET"]}}],"collection":[{"href":"https:\/\/sacramentoqr.com\/index.php?rest_route=\/wp\/v2\/posts"}],"about":[{"href":"https:\/\/sacramentoqr.com\/index.php?rest_route=\/wp\/v2\/types\/post"}],"author":[{"embeddable":true,"href":"https:\/\/sacramentoqr.com\/index.php?rest_route=\/wp\/v2\/users\/1"}],"replies":[{"embeddable":true,"href":"https:\/\/sacramentoqr.com\/index.php?rest_route=%2Fwp%2Fv2%2Fcomments&post=22668"}],"version-history":[{"count":1,"href":"https:\/\/sacramentoqr.com\/index.php?rest_route=\/wp\/v2\/posts\/22668\/revisions"}],"predecessor-version":[{"id":22669,"href":"https:\/\/sacramentoqr.com\/index.php?rest_route=\/wp\/v2\/posts\/22668\/revisions\/22669"}],"wp:featuredmedia":[{"embeddable":true,"href":"https:\/\/sacramentoqr.com\/index.php?rest_route=\/wp\/v2\/media\/22670"}],"wp:attachment":[{"href":"https:\/\/sacramentoqr.com\/index.php?rest_route=%2Fwp%2Fv2%2Fmedia&parent=22668"}],"wp:term":[{"taxonomy":"category","embeddable":true,"href":"https:\/\/sacramentoqr.com\/index.php?rest_route=%2Fwp%2Fv2%2Fcategories&post=22668"},{"taxonomy":"post_tag","embeddable":true,"href":"https:\/\/sacramentoqr.com\/index.php?rest_route=%2Fwp%2Fv2%2Ftags&post=22668"}],"curies":[{"name":"wp","href":"https:\/\/api.w.org\/{rel}","templated":true}]}}