{"id":22671,"date":"2024-05-06T17:27:23","date_gmt":"2024-05-06T22:27:23","guid":{"rendered":"https:\/\/sacramentoqr.com\/?p=22671"},"modified":"2024-05-06T22:27:24","modified_gmt":"2024-05-06T22:27:24","slug":"trabajadores-del-festival-de-cine-de-cannes-se-van-a-huelga-por-pagos-precarios","status":"publish","type":"post","link":"https:\/\/sacramentoqr.com\/?p=22671","title":{"rendered":"Trabajadores del Festival de Cine de Cannes se van a huelga por pagos precarios"},"content":{"rendered":"<p>Este lunes, el grupo de trabajadores conocido como \u00abBajo las pantallas la miseria\u00bb, convoc\u00f3 a la huelga durante el pr\u00f3ximo Festival de Cine de Cannes, programado del 14 al 25 de mayo, en su 77\u00aa edici\u00f3n.<\/p>\n<p>A pesar de la convocatoria, el Festival a\u00fan no ha respondido oficialmente.<\/p>\n<p>La decisi\u00f3n de llamar a la huelga se tom\u00f3 despu\u00e9s de una asamblea que cont\u00f3 con la participaci\u00f3n de 50 personas, en donde detallaron que su objetivo no es interrumpir la gala de apertura del Festival, pero podr\u00eda afectar el desarrollo normal del evento.<\/p>\n<p>La agrupaci\u00f3n, independiente de los principales sindicatos franceses, representa a diversos profesionales del sector, como proyeccionistas, programadores, personal de prensa y venta de boletos, as\u00ed como a los encargados de la atenci\u00f3n a los invitados.<br \/>\nLos trabajadores est\u00e1n solicitando un sistema de cotizaci\u00f3n y remuneraci\u00f3n espec\u00edfico para los empleados del sector de espect\u00e1culos en Francia.<\/p>\n<p>En Francia, los empleados en \u00e1reas como el cine, el teatro o la m\u00fasica son considerados \u00abintermitentes\u00bb, lo que les permite acceder a beneficios como el desempleo y continuar cotizando para la jubilaci\u00f3n o la sanidad p\u00fablica bajo ciertas condiciones, incluso cuando no est\u00e1n trabajando.<\/p>\n<p>A pesar de las comunicaciones anteriores, el comunicado se\u00f1ala que no ha habido propuestas concretas por parte del Centro Nacional de Cine ni del Ministerio de Cultura.<\/p>\n<p>El Festival de Cannes solo ha sido alterado una vez en su historia, durante los disturbios de mayo de 1968, cuando tuvo que cancelarse anticipadamente.<\/p>\n<p>La pr\u00f3xima semana, el evento comenzar\u00e1 con la presentaci\u00f3n de alrededor de un centenar de pel\u00edculas en diferentes secciones, y contar\u00e1 con la presencia de estrellas como Francis Ford Coppola, George Lucas y Meryl Streep.<\/p>\n","protected":false},"excerpt":{"rendered":"<p>Este lunes, el grupo de trabajadores conocido como \u00abBajo las pantallas la miseria\u00bb, convoc\u00f3 a&#8230;<\/p>\n","protected":false},"author":1,"featured_media":22673,"comment_status":"open","ping_status":"closed","sticky":false,"template":"","format":"standard","meta":{"footnotes":""},"categories":[4],"tags":[],"class_list":["post-22671","post","type-post","status-publish","format-standard","has-post-thumbnail","hentry","category-espectaculos"],"_links":{"self":[{"href":"https:\/\/sacramentoqr.com\/index.php?rest_route=\/wp\/v2\/posts\/22671","targetHints":{"allow":["GET"]}}],"collection":[{"href":"https:\/\/sacramentoqr.com\/index.php?rest_route=\/wp\/v2\/posts"}],"about":[{"href":"https:\/\/sacramentoqr.com\/index.php?rest_route=\/wp\/v2\/types\/post"}],"author":[{"embeddable":true,"href":"https:\/\/sacramentoqr.com\/index.php?rest_route=\/wp\/v2\/users\/1"}],"replies":[{"embeddable":true,"href":"https:\/\/sacramentoqr.com\/index.php?rest_route=%2Fwp%2Fv2%2Fcomments&post=22671"}],"version-history":[{"count":1,"href":"https:\/\/sacramentoqr.com\/index.php?rest_route=\/wp\/v2\/posts\/22671\/revisions"}],"predecessor-version":[{"id":22672,"href":"https:\/\/sacramentoqr.com\/index.php?rest_route=\/wp\/v2\/posts\/22671\/revisions\/22672"}],"wp:featuredmedia":[{"embeddable":true,"href":"https:\/\/sacramentoqr.com\/index.php?rest_route=\/wp\/v2\/media\/22673"}],"wp:attachment":[{"href":"https:\/\/sacramentoqr.com\/index.php?rest_route=%2Fwp%2Fv2%2Fmedia&parent=22671"}],"wp:term":[{"taxonomy":"category","embeddable":true,"href":"https:\/\/sacramentoqr.com\/index.php?rest_route=%2Fwp%2Fv2%2Fcategories&post=22671"},{"taxonomy":"post_tag","embeddable":true,"href":"https:\/\/sacramentoqr.com\/index.php?rest_route=%2Fwp%2Fv2%2Ftags&post=22671"}],"curies":[{"name":"wp","href":"https:\/\/api.w.org\/{rel}","templated":true}]}}