{"id":22674,"date":"2024-05-07T11:11:23","date_gmt":"2024-05-07T16:11:23","guid":{"rendered":"https:\/\/sacramentoqr.com\/?p=22674"},"modified":"2024-05-07T16:11:24","modified_gmt":"2024-05-07T16:11:24","slug":"adrian-fernandez-correra-en-monaco-con-el-monoplaza-de-pedro-rodriguez","status":"publish","type":"post","link":"https:\/\/sacramentoqr.com\/?p=22674","title":{"rendered":"Adri\u00e1n Fern\u00e1ndez correr\u00e1 en M\u00f3naco con el monoplaza de Pedro Rodr\u00edguez"},"content":{"rendered":"<p>Este martes, por medio de un comunicado, la organizaci\u00f3n del Gran Premio de M\u00e9xico confirm\u00f3 que Adri\u00e1n Fern\u00e1ndez, expiloto mexicano, correr\u00e1 el Gran Premio Hist\u00f3rico de M\u00f3naco, mismo en el que brindar\u00e1 homenaje a uno de los pilotos m\u00e1s importantes de la historia del automotor en nuestro pa\u00eds.<\/p>\n<p>El expiloto de la IndyCar compr\u00f3 el hist\u00f3rico BRM que condujo Pedro Rodr\u00edguez mientras estuvo en activo como piloto de la F\u00f3rmula 1, este ser\u00e1 el monoplaza con el que Fern\u00e1ndez correr\u00e1 el GP de M\u00f3naco el fin de semana del 10 al 12 de mayo.<\/p>\n<p>&nbsp;<\/p>\n<p>El BRM #P153-0 fue el monoplaza con el que Pedro Rodr\u00edguez corri\u00f3 ocho grandes premios en la temporada 1970, con ese auto el mexicano termin\u00f3 en segundo lugar del GP de Estados Unidos y obtuvo su primera victoria en el m\u00edtico circuito de Spa-Francorchamps.<\/p>\n<p>Recientemente, Fern\u00e1ndez adquiri\u00f3 el monoplaza de manos del coleccionista espa\u00f1ol Jaime Bergel, ahora el auto est\u00e1 listo para poder recorrer el hist\u00f3rico circuito de Montecarlo en el Gran Premio de M\u00f3naco.<\/p>\n<p>CORTES\u00cdA: M\u00c9XICO GP<br \/>\nFern\u00e1ndez en el BRM de Pedro Rodr\u00edguez | CORTES\u00cdA: M\u00c9XICO GP<br \/>\nHorarios del GP Hist\u00f3rico de M\u00f3naco<br \/>\nViernes 10 de mayo &#8211; Sesi\u00f3n de pr\u00e1cticas libres &#8211; 06:30 am tiempo CDMX<br \/>\nS\u00e1bado 11 de mayo &#8211; Sesi\u00f3n de clasificaci\u00f3n &#8211; 02:45 am tiempo CDMX<br \/>\nDomingo 12 de mayo &#8211; Carrera &#8211; 03:15 am tiempo CDMX<\/p>\n<p>\u00bfD\u00f3nde y a qu\u00e9 hora ver el GP Hist\u00f3rico de M\u00f3naco?<br \/>\nHora: 03:15 am<br \/>\nFecha: Domingo 12 de mayo<br \/>\nLugar: Circuito de Montecarlo<br \/>\nTransmisi\u00f3n: YouTube Motorsport Magazine, Goodwood y ACM Media<\/p>\n","protected":false},"excerpt":{"rendered":"<p>Este martes, por medio de un comunicado, la organizaci\u00f3n del Gran Premio de M\u00e9xico confirm\u00f3&#8230;<\/p>\n","protected":false},"author":1,"featured_media":22676,"comment_status":"open","ping_status":"closed","sticky":false,"template":"","format":"standard","meta":{"footnotes":""},"categories":[3],"tags":[],"class_list":["post-22674","post","type-post","status-publish","format-standard","has-post-thumbnail","hentry","category-deportes"],"_links":{"self":[{"href":"https:\/\/sacramentoqr.com\/index.php?rest_route=\/wp\/v2\/posts\/22674","targetHints":{"allow":["GET"]}}],"collection":[{"href":"https:\/\/sacramentoqr.com\/index.php?rest_route=\/wp\/v2\/posts"}],"about":[{"href":"https:\/\/sacramentoqr.com\/index.php?rest_route=\/wp\/v2\/types\/post"}],"author":[{"embeddable":true,"href":"https:\/\/sacramentoqr.com\/index.php?rest_route=\/wp\/v2\/users\/1"}],"replies":[{"embeddable":true,"href":"https:\/\/sacramentoqr.com\/index.php?rest_route=%2Fwp%2Fv2%2Fcomments&post=22674"}],"version-history":[{"count":1,"href":"https:\/\/sacramentoqr.com\/index.php?rest_route=\/wp\/v2\/posts\/22674\/revisions"}],"predecessor-version":[{"id":22675,"href":"https:\/\/sacramentoqr.com\/index.php?rest_route=\/wp\/v2\/posts\/22674\/revisions\/22675"}],"wp:featuredmedia":[{"embeddable":true,"href":"https:\/\/sacramentoqr.com\/index.php?rest_route=\/wp\/v2\/media\/22676"}],"wp:attachment":[{"href":"https:\/\/sacramentoqr.com\/index.php?rest_route=%2Fwp%2Fv2%2Fmedia&parent=22674"}],"wp:term":[{"taxonomy":"category","embeddable":true,"href":"https:\/\/sacramentoqr.com\/index.php?rest_route=%2Fwp%2Fv2%2Fcategories&post=22674"},{"taxonomy":"post_tag","embeddable":true,"href":"https:\/\/sacramentoqr.com\/index.php?rest_route=%2Fwp%2Fv2%2Ftags&post=22674"}],"curies":[{"name":"wp","href":"https:\/\/api.w.org\/{rel}","templated":true}]}}