{"id":22683,"date":"2024-05-07T11:28:46","date_gmt":"2024-05-07T16:28:46","guid":{"rendered":"https:\/\/sacramentoqr.com\/?p=22683"},"modified":"2024-05-07T16:28:47","modified_gmt":"2024-05-07T16:28:47","slug":"biden-conmemora-el-dia-del-holocausto-con-medidas-para-contrarrestar-el-antisemitismo","status":"publish","type":"post","link":"https:\/\/sacramentoqr.com\/?p=22683","title":{"rendered":"Biden conmemora el D\u00eda del Holocausto con medidas para contrarrestar el antisemitismo"},"content":{"rendered":"<p>El gobierno del presidente Joe Biden, asediado por las protestas contra la guerra en Gaza, celebr\u00f3 el D\u00eda de Conmemoraci\u00f3n del Holocausto con nuevas medidas para contrarrestar el \u201caborrecible aumento del antisemitismo\u201d en Estados Unidos.<\/p>\n<p>Una de las medidas anunciadas por la Casa Blanca incluye la convocatoria a las firmas tecnol\u00f3gicas para identificar las mejores pr\u00e1cticas contra el contenido antisemita en internet.<\/p>\n<p>\u201cLos departamentos y agencias continuar\u00e1n proveyendo a las tecnol\u00f3gicas la informaci\u00f3n relevante acerca de s\u00edmbolos y temas asociados con el extremismo violento en l\u00ednea, para ayudarles a que apliquen sus normas de servicios\u201d, indic\u00f3 el comunicado.<\/p>\n<p>Por su parte el Departamento de Educaci\u00f3n enviar\u00e1 cartas a todos los distritos escolares y universidades del pa\u00eds con \u201cejemplos de discriminaci\u00f3n antisemita y otras formas de odio\u201c.<\/p>\n<p>El Departamento de Seguridad Nacional, a su vez, colaborar\u00e1 con otras agencias en la configuraci\u00f3n de una gu\u00eda por internet con informaci\u00f3n financiera, educativa y t\u00e9cnicas sobre recursos para la seguridad en los recinto escolares.<\/p>\n<p>El Holocausto fue la persecuci\u00f3n sistem\u00e1tica y el genocidio de unos seis millones de jud\u00edos en Europa perpetrados por los nazis durante la Segunda Guerra Mundial (1939-1945).<\/p>\n<p>Su conmemoraci\u00f3n \u201ceste a\u00f1o es particularmente grave ya que ocurre siete meses despu\u00e9s del ataque del grupo terrorista Ham\u00e1s contra Israel el 7 de octubre, el d\u00eda m\u00e1s mort\u00edfero para el pueblo jud\u00edo desde el Holocausto\u201d, se\u00f1al\u00f3 la Casa Blanca.<\/p>\n<p>\u201cDesde esa fecha ha habido un aumento alarmante de los incidentes antisemitas en todo el pa\u00eds y en todo el mundo, m\u00e1s recientemente con instancias de violencia y odio durante las protestas en las universidades\u201d, a\u00f1adi\u00f3 la declaraci\u00f3n.<\/p>\n<p>M\u00e1s de 2 mil 500 personas han sido arrestadas en las \u00faltimas tres semanas en Estados Unidos en protestas contra el apoyo de EE.UU. a Israel en su guerra en Gaza, que han incluido ocupaciones de edificios y el levantamiento de campamentos en universidades desde la de Columbia, en Nueva York, a la de California, en Los \u00c1ngeles.<\/p>\n<p>Las protestas y su represi\u00f3n policial han supuesto un rev\u00e9s para Biden, que, en su campa\u00f1a para la reelecci\u00f3n en los comicios de noviembre, encara dificultades para atraer el voto de los j\u00f3venes.<\/p>\n<p>La estrategia nacional para contrarrestar el antisemitismo fue lanzada por la Administraci\u00f3n de Biden hace un a\u00f1o y los pasos dados ahora se suman al m\u00e1s de un centenar de medidas contempladas ya para encarar el asunto, seg\u00fan la Casa Blanca.<\/p>\n<p>Ese plan de acci\u00f3n va acompa\u00f1ado de otro centenar de llamamientos a la acci\u00f3n por parte del Congreso, los gobiernos estatales y locales, las empresas, las redes sociales, estudiantes, educadores y dirigentes religiosos contra el antisemitismo.<\/p>\n","protected":false},"excerpt":{"rendered":"<p>El gobierno del presidente Joe Biden, asediado por las protestas contra la guerra en Gaza,&#8230;<\/p>\n","protected":false},"author":1,"featured_media":22685,"comment_status":"open","ping_status":"closed","sticky":false,"template":"","format":"standard","meta":{"footnotes":""},"categories":[5],"tags":[],"class_list":["post-22683","post","type-post","status-publish","format-standard","has-post-thumbnail","hentry","category-internacional"],"_links":{"self":[{"href":"https:\/\/sacramentoqr.com\/index.php?rest_route=\/wp\/v2\/posts\/22683","targetHints":{"allow":["GET"]}}],"collection":[{"href":"https:\/\/sacramentoqr.com\/index.php?rest_route=\/wp\/v2\/posts"}],"about":[{"href":"https:\/\/sacramentoqr.com\/index.php?rest_route=\/wp\/v2\/types\/post"}],"author":[{"embeddable":true,"href":"https:\/\/sacramentoqr.com\/index.php?rest_route=\/wp\/v2\/users\/1"}],"replies":[{"embeddable":true,"href":"https:\/\/sacramentoqr.com\/index.php?rest_route=%2Fwp%2Fv2%2Fcomments&post=22683"}],"version-history":[{"count":1,"href":"https:\/\/sacramentoqr.com\/index.php?rest_route=\/wp\/v2\/posts\/22683\/revisions"}],"predecessor-version":[{"id":22684,"href":"https:\/\/sacramentoqr.com\/index.php?rest_route=\/wp\/v2\/posts\/22683\/revisions\/22684"}],"wp:featuredmedia":[{"embeddable":true,"href":"https:\/\/sacramentoqr.com\/index.php?rest_route=\/wp\/v2\/media\/22685"}],"wp:attachment":[{"href":"https:\/\/sacramentoqr.com\/index.php?rest_route=%2Fwp%2Fv2%2Fmedia&parent=22683"}],"wp:term":[{"taxonomy":"category","embeddable":true,"href":"https:\/\/sacramentoqr.com\/index.php?rest_route=%2Fwp%2Fv2%2Fcategories&post=22683"},{"taxonomy":"post_tag","embeddable":true,"href":"https:\/\/sacramentoqr.com\/index.php?rest_route=%2Fwp%2Fv2%2Ftags&post=22683"}],"curies":[{"name":"wp","href":"https:\/\/api.w.org\/{rel}","templated":true}]}}