{"id":22710,"date":"2024-05-09T20:49:57","date_gmt":"2024-05-10T01:49:57","guid":{"rendered":"https:\/\/sacramentoqr.com\/?p=22710"},"modified":"2024-05-10T01:49:59","modified_gmt":"2024-05-10T01:49:59","slug":"tala-rangel-aparecera-en-la-prelista-de-mexico-de-cara-a-la-copa-america","status":"publish","type":"post","link":"https:\/\/sacramentoqr.com\/?p=22710","title":{"rendered":"\u2018Tala\u2019 Rangel aparecer\u00e1 en la prelista de M\u00e9xico de cara a la Copa Am\u00e9rica"},"content":{"rendered":"<p>Luego de disputar su primer partido de Liguilla con Chivas, &#8216;Tala&#8217; Rangel recibe una de las mejores noticias de su carrera, pues el joven portero mexicano formar\u00e1 parte de la prelista de la Selecci\u00f3n Mexicana de cara a la Copa Am\u00e9rica que se va a disputar este verano en los Estados Unidos.<\/p>\n<p>De acuerdo a informaci\u00f3n de TUDN, Ra\u00fal Rangel es considerado por el seleccionador nacional, Jaime Lozano, como uno de los mejores porteros mexicanos del momento y lo va a incluir en la prelista de M\u00e9xico para la Copa Am\u00e9rica y pelear\u00e1 un lugar en la lista final junto con Guillermo Ochoa, Luis \u00c1ngel Malag\u00f3n y Julio Gonz\u00e1lez.<\/p>\n<p>&#8216;Tala&#8217; se convirti\u00f3 en el titular indiscutible en Chivas desde la llegada de Fernando Gago al Reba\u00f1o y le gan\u00f3 la carrera a &#8216;Wacho&#8217; y Wally en el arco de Chivas, esto aunado a sus grandes actuaciones fue lo que llam\u00f3 la atenci\u00f3n de Jimmy para agregarlo a la prelista del Tri.<\/p>\n<p>Estar en la prelista no le asegura un lugar a Rangel en la Copa Am\u00e9rica, pero le abre la posibilidad al portero de Chivas de ser convocado para los partidos amistosos de M\u00e9xico ante Uruguay y Brasil el pr\u00f3ximo 5 y 8 de junio respectivamente, lo que ser\u00eda su primera convocatoria con la Selecci\u00f3n Mexicana en cualquier categor\u00eda, pues nunca antes hab\u00eda sido llamado, ni siquiera a selecciones con l\u00edmite de edad.<\/p>\n<p>Hasta el momento la prelista no ha sido revelada de manera oficial, pero se espera que en los pr\u00f3ximos d\u00edas esta salga a la luz y se confirme la aparici\u00f3n del portero del Club Deportivo Guadalajara en la misma.<\/p>\n<p>&nbsp;<\/p>\n","protected":false},"excerpt":{"rendered":"<p>Luego de disputar su primer partido de Liguilla con Chivas, &#8216;Tala&#8217; Rangel recibe una de&#8230;<\/p>\n","protected":false},"author":1,"featured_media":22712,"comment_status":"open","ping_status":"closed","sticky":false,"template":"","format":"standard","meta":{"footnotes":""},"categories":[3],"tags":[],"class_list":["post-22710","post","type-post","status-publish","format-standard","has-post-thumbnail","hentry","category-deportes"],"_links":{"self":[{"href":"https:\/\/sacramentoqr.com\/index.php?rest_route=\/wp\/v2\/posts\/22710","targetHints":{"allow":["GET"]}}],"collection":[{"href":"https:\/\/sacramentoqr.com\/index.php?rest_route=\/wp\/v2\/posts"}],"about":[{"href":"https:\/\/sacramentoqr.com\/index.php?rest_route=\/wp\/v2\/types\/post"}],"author":[{"embeddable":true,"href":"https:\/\/sacramentoqr.com\/index.php?rest_route=\/wp\/v2\/users\/1"}],"replies":[{"embeddable":true,"href":"https:\/\/sacramentoqr.com\/index.php?rest_route=%2Fwp%2Fv2%2Fcomments&post=22710"}],"version-history":[{"count":1,"href":"https:\/\/sacramentoqr.com\/index.php?rest_route=\/wp\/v2\/posts\/22710\/revisions"}],"predecessor-version":[{"id":22711,"href":"https:\/\/sacramentoqr.com\/index.php?rest_route=\/wp\/v2\/posts\/22710\/revisions\/22711"}],"wp:featuredmedia":[{"embeddable":true,"href":"https:\/\/sacramentoqr.com\/index.php?rest_route=\/wp\/v2\/media\/22712"}],"wp:attachment":[{"href":"https:\/\/sacramentoqr.com\/index.php?rest_route=%2Fwp%2Fv2%2Fmedia&parent=22710"}],"wp:term":[{"taxonomy":"category","embeddable":true,"href":"https:\/\/sacramentoqr.com\/index.php?rest_route=%2Fwp%2Fv2%2Fcategories&post=22710"},{"taxonomy":"post_tag","embeddable":true,"href":"https:\/\/sacramentoqr.com\/index.php?rest_route=%2Fwp%2Fv2%2Ftags&post=22710"}],"curies":[{"name":"wp","href":"https:\/\/api.w.org\/{rel}","templated":true}]}}