{"id":22772,"date":"2024-05-14T17:45:50","date_gmt":"2024-05-14T22:45:50","guid":{"rendered":"https:\/\/sacramentoqr.com\/?p=22772"},"modified":"2024-05-14T22:45:52","modified_gmt":"2024-05-14T22:45:52","slug":"carin-leon-canto-junto-a-gloria-trevi-en-concierto-sorprendio-con-cancion","status":"publish","type":"post","link":"https:\/\/sacramentoqr.com\/?p=22772","title":{"rendered":"Carin Le\u00f3n cant\u00f3 junto a Gloria Trevi en concierto; sorprendi\u00f3 con canci\u00f3n"},"content":{"rendered":"<p>La cantante pop Gloria Trevi contin\u00faa consintiendo a sus fan\u00e1ticos con sorpresas fuera de serie, una de ellas fue en el concierto que dio en la Expogan Sonora 2024, donde invit\u00f3 a uno de los cantantes actuales m\u00e1s sobresalientes de la escena del regional mexicano, Carin Le\u00f3n.<\/p>\n<p>En videos que circularon en TikTok, se logr\u00f3 apreciar el incre\u00edble momento en el que Gloria Trevi invit\u00f3 a subir al escenario al int\u00e9rprete de \u2018Seg\u00fan qui\u00e9n\u2019, Carin Le\u00f3n, y as\u00ed cantar a dueto en el concierto.<\/p>\n<p>Gloria Trevi y Carin Le\u00f3n cantan \u2018El Recuento de los Da\u00f1os\u2019 en concierto<br \/>\nLos fan\u00e1ticos de Gloria Trevi lograron captar el momento en el que la artista pop subi\u00f3 al escenario a Clar\u00edn Le\u00f3n, quien se present\u00f3 con bermudas, playera blanca y tenis, frente a miles de espectadores.<\/p>\n<p>Primero, Gloria Trevi se acerc\u00f3 a la primera fila de las gradas, donde se encontraba Carin Le\u00f3n bebiendo una cerveza con amigos y conocidos, para saludar al cantante y tomarse fotos.<br \/>\nAnte esto, el p\u00fablico comenz\u00f3 a gritar, con el fin de persuadir a Carin Le\u00f3n para que suba junto a Gloria Trevi al escenario y canten juntos un tema. Ante esto, la artista se dirigi\u00f3 a Carin, quien respondi\u00f3 con un gesto de afirmaci\u00f3n.<\/p>\n<p>Finalmente, Carin Le\u00f3n camin\u00f3 hacia el escenario, con ayuda del personal de seguridad, para abrazar a Gloria Trevi y as\u00ed ponerse de acuerdo para entonar uno de los grandes \u00e9xitos de la artista, \u2018El Recuerdo de los Da\u00f1os\u2019.<\/p>\n<p>As\u00ed fue como Gloria Trevi comenz\u00f3 a cantar las primeras estrofas de la canci\u00f3n \u2018El Recuento de los Da\u00f1os\u2019, para despu\u00e9s continuar el dueto Carin Le\u00f3n, quien enloqueci\u00f3 al p\u00fablico con su voz.<\/p>\n","protected":false},"excerpt":{"rendered":"<p>La cantante pop Gloria Trevi contin\u00faa consintiendo a sus fan\u00e1ticos con sorpresas fuera de serie,&#8230;<\/p>\n","protected":false},"author":1,"featured_media":22774,"comment_status":"open","ping_status":"closed","sticky":false,"template":"","format":"standard","meta":{"footnotes":""},"categories":[4],"tags":[],"class_list":["post-22772","post","type-post","status-publish","format-standard","has-post-thumbnail","hentry","category-espectaculos"],"_links":{"self":[{"href":"https:\/\/sacramentoqr.com\/index.php?rest_route=\/wp\/v2\/posts\/22772","targetHints":{"allow":["GET"]}}],"collection":[{"href":"https:\/\/sacramentoqr.com\/index.php?rest_route=\/wp\/v2\/posts"}],"about":[{"href":"https:\/\/sacramentoqr.com\/index.php?rest_route=\/wp\/v2\/types\/post"}],"author":[{"embeddable":true,"href":"https:\/\/sacramentoqr.com\/index.php?rest_route=\/wp\/v2\/users\/1"}],"replies":[{"embeddable":true,"href":"https:\/\/sacramentoqr.com\/index.php?rest_route=%2Fwp%2Fv2%2Fcomments&post=22772"}],"version-history":[{"count":1,"href":"https:\/\/sacramentoqr.com\/index.php?rest_route=\/wp\/v2\/posts\/22772\/revisions"}],"predecessor-version":[{"id":22773,"href":"https:\/\/sacramentoqr.com\/index.php?rest_route=\/wp\/v2\/posts\/22772\/revisions\/22773"}],"wp:featuredmedia":[{"embeddable":true,"href":"https:\/\/sacramentoqr.com\/index.php?rest_route=\/wp\/v2\/media\/22774"}],"wp:attachment":[{"href":"https:\/\/sacramentoqr.com\/index.php?rest_route=%2Fwp%2Fv2%2Fmedia&parent=22772"}],"wp:term":[{"taxonomy":"category","embeddable":true,"href":"https:\/\/sacramentoqr.com\/index.php?rest_route=%2Fwp%2Fv2%2Fcategories&post=22772"},{"taxonomy":"post_tag","embeddable":true,"href":"https:\/\/sacramentoqr.com\/index.php?rest_route=%2Fwp%2Fv2%2Ftags&post=22772"}],"curies":[{"name":"wp","href":"https:\/\/api.w.org\/{rel}","templated":true}]}}