{"id":22793,"date":"2024-05-15T18:18:34","date_gmt":"2024-05-15T23:18:34","guid":{"rendered":"https:\/\/sacramentoqr.com\/?p=22793"},"modified":"2024-05-15T23:18:35","modified_gmt":"2024-05-15T23:18:35","slug":"mia-rubin-y-lucero-mijares-se-embarcan-en-un-proyecto-comun","status":"publish","type":"post","link":"https:\/\/sacramentoqr.com\/?p=22793","title":{"rendered":"M\u00eda Rub\u00edn y Lucero Mijares se embarcan en un proyecto com\u00fan"},"content":{"rendered":"<p>Cuando M\u00eda Rub\u00edn y Lucero Mijares comparten escenario, como parte de los desaf\u00edos del programa \u00abJuego de voces\u00bb, de inmediato las redes sociales estallan con comentarios sobre su colaboraci\u00f3n.<\/p>\n<p>Aunque en su gran mayor\u00eda son positivos, hay otros que las comparan y hasta se\u00f1alan qui\u00e9n es mejor que la otra, algo con lo que ellas no est\u00e1n de acuerdo.<\/p>\n<p>\u201cEs normal, pero cuando al final ven que todo es bonito, siempre buscan algo o inventan algo que no es verdad, simplemente para tener una noticia o crear una rivalidad\u201d, comenta M\u00eda Rub\u00edn.<\/p>\n<p>\u201cAmbas estamos muy sorprendidas de c\u00f3mo nos ponen en contra, lo que es muy triste porque nos queremos mucho, y unas ni\u00f1as con m\u00e1s vulnerabilidad ante los comentarios terminar\u00edan odi\u00e1ndose\u201d.<br \/>\nPara la cantante es muy triste que la gente quiera crear pol\u00e9mica entre ellas, sobre todo porque ambas est\u00e1n comenzando con su carrera art\u00edstica, por lo que piensa que las personas deber\u00e1n de cambiar su forma de pensar y aprender a celebrar los logros ajenos.<\/p>\n<p>Es tan buena la qu\u00edmica entre ellas que M\u00eda invit\u00f3 a Lucero Mijares a hacer una colaboraci\u00f3n, demostrando que es falso que haya una enemistad o envidia entre ellas.<\/p>\n<p>\u201cDesde antes de conocerla estaba enterada de su talento, de su voz, siempre quise colaborar con ella en alg\u00fan punto, entonces Juego de voces pasa y conectamos tan padre que decidimos hacer una rola juntas, la estoy invitando a hacer uno de los tracks del EP que voy a sacar pr\u00f3ximamente\u2026 estoy muy emocionada de poder compartirlo con ella, porque al final la admiro mucho\u201d.<\/p>\n<p>M\u00eda explica que grab\u00f3 una nueva versi\u00f3n del tema \u201cLa barca\u201d, con arreglos de bolero trap, que es el estilo que explora en este momento.<\/p>\n<p>\u201cQuer\u00eda que sigui\u00e9ramos en este concepto y hacerle un tributo a nuestras ra\u00edces, a lo que somos como mexicanos, adem\u00e1s es una canci\u00f3n ic\u00f3nica y hacerla bolero trap era (era) uno de los retos, y creo logramos hacer algo muy padre\u201d.<\/p>\n<p>Para grabar el video de \u201cLa barca\u201d, M\u00eda, Lucero y un equipo de producci\u00f3n, se instalaron en el emblem\u00e1tico Teatro Fru Fru, donde aprovecharon su bella sala principal, con butaquer\u00eda en terciopelo rojo y dorado, y sus balcones a media luz.<\/p>\n<p>\u201cFue muy divertido, hubo muchas risas, nos disfrutamos mucho. Juego de voces nos ha dado la oportunidad de estar juntas, compartir y crecer a la par, como familia, pero grabar juntas, chismear y platicar como amigas es algo muy bonito\u201d.<\/p>\n<p>A pesar de que M\u00eda tiene alrededor de nueve a\u00f1os pisando los escenarios, hasta este 2024 es cuando se est\u00e1 lanzando oficialmente como cantante, por lo que considera que las cosas se han acomodado en su justo lugar: el reality le est\u00e1 dando notoriedad en el momento exacto en que presentar\u00e1 su primer \u00e1lbum, as\u00ed que espera que \u00e9ste sea el paso definitivo para arrancar en forma su carrera como int\u00e9rprete.<\/p>\n<p>El 18 de mayo M\u00eda abrir\u00e1 el concierto de Natalia Jim\u00e9nez en la Arena Ciudad de M\u00e9xico y el 19 de mayo estrena su sencillo en todas las plataformas digitales.<\/p>\n<p>Lee tambi\u00e9n: M\u00eda Rub\u00edn se solidariza con Lucero Mijares: \u00absi\u00e9ntete orgullosa de lo hermosa y talentosa que eres\u00bb<\/p>\n","protected":false},"excerpt":{"rendered":"<p>Cuando M\u00eda Rub\u00edn y Lucero Mijares comparten escenario, como parte de los desaf\u00edos del programa&#8230;<\/p>\n","protected":false},"author":1,"featured_media":22795,"comment_status":"open","ping_status":"closed","sticky":false,"template":"","format":"standard","meta":{"footnotes":""},"categories":[4],"tags":[],"class_list":["post-22793","post","type-post","status-publish","format-standard","has-post-thumbnail","hentry","category-espectaculos"],"_links":{"self":[{"href":"https:\/\/sacramentoqr.com\/index.php?rest_route=\/wp\/v2\/posts\/22793","targetHints":{"allow":["GET"]}}],"collection":[{"href":"https:\/\/sacramentoqr.com\/index.php?rest_route=\/wp\/v2\/posts"}],"about":[{"href":"https:\/\/sacramentoqr.com\/index.php?rest_route=\/wp\/v2\/types\/post"}],"author":[{"embeddable":true,"href":"https:\/\/sacramentoqr.com\/index.php?rest_route=\/wp\/v2\/users\/1"}],"replies":[{"embeddable":true,"href":"https:\/\/sacramentoqr.com\/index.php?rest_route=%2Fwp%2Fv2%2Fcomments&post=22793"}],"version-history":[{"count":1,"href":"https:\/\/sacramentoqr.com\/index.php?rest_route=\/wp\/v2\/posts\/22793\/revisions"}],"predecessor-version":[{"id":22794,"href":"https:\/\/sacramentoqr.com\/index.php?rest_route=\/wp\/v2\/posts\/22793\/revisions\/22794"}],"wp:featuredmedia":[{"embeddable":true,"href":"https:\/\/sacramentoqr.com\/index.php?rest_route=\/wp\/v2\/media\/22795"}],"wp:attachment":[{"href":"https:\/\/sacramentoqr.com\/index.php?rest_route=%2Fwp%2Fv2%2Fmedia&parent=22793"}],"wp:term":[{"taxonomy":"category","embeddable":true,"href":"https:\/\/sacramentoqr.com\/index.php?rest_route=%2Fwp%2Fv2%2Fcategories&post=22793"},{"taxonomy":"post_tag","embeddable":true,"href":"https:\/\/sacramentoqr.com\/index.php?rest_route=%2Fwp%2Fv2%2Ftags&post=22793"}],"curies":[{"name":"wp","href":"https:\/\/api.w.org\/{rel}","templated":true}]}}