{"id":22799,"date":"2024-05-15T18:24:39","date_gmt":"2024-05-15T23:24:39","guid":{"rendered":"https:\/\/sacramentoqr.com\/?p=22799"},"modified":"2024-05-15T23:24:41","modified_gmt":"2024-05-15T23:24:41","slug":"rene-strickler-y-sus-primeras-declaraciones-sobre-su-nieto-es-un-nino-hermoso","status":"publish","type":"post","link":"https:\/\/sacramentoqr.com\/?p=22799","title":{"rendered":"Ren\u00e9 Strickler y sus primeras declaraciones sobre su nieto: \u00abes un ni\u00f1o hermoso\u00bb"},"content":{"rendered":"<p>Ren\u00e9 Strickler se encuentra dichoso de haberse convertido en abuelo por primera vez, ahora que su hijo Yannick y su esposo Manuel Alonso C\u00e1rdenas dieron la bienvenida a su primog\u00e9nito, el peque\u00f1o Alonso. El actor cont\u00f3 a la prensa c\u00f3mo fue el recibimiento de su nieto, nacido el pasado 10 de mayo.<\/p>\n<p>Pese a que Yannick Strickler y Manuel Alonso C\u00e1rdenas no se dedican al medio art\u00edstico, su relaci\u00f3n se ha convertido en un asunto de inter\u00e9s p\u00fablico, debido a que, desde que se casaron, hace dos a\u00f1os, han demostrado gran orgullo por su relaci\u00f3n, sin importar los tab\u00faes y prejuicios que a\u00fan priman en nuestra sociedad.<\/p>\n<p>La noticia de que recibieron a Alonso, su primer hijo, el viernes pasado caus\u00f3 muchas reacciones en redes sociales, donde los felicitaron por sumar un nuevo integrante a la familia Strickler.<\/p>\n<p>Por ese motivo, el actor fue abordado en las instalaciones de Televisa, pues la prensa quer\u00eda conocer c\u00f3mo se encuentra ahora que ya se ha convertido en abuelo.<\/p>\n<p>Fue as\u00ed que Strickler celebr\u00f3 la llegada del beb\u00e9:<\/p>\n<p>\u00abYa soy abuelo, feliz, est\u00e1 sano, que es lo m\u00e1s importante y, como abuelo primerizo, estoy babeando, estoy fascinado\u00bb, dijo a Eden Dorantes.<\/p>\n<p>El argentino expres\u00f3 que, al sostener a Alonso en brazos, rememor\u00f3 las \u00e9pocas en que sus cuatro hijos; Yannick, Andrik, Jade e Ian, nacieron.<\/p>\n<p>\u00abHermoso, una sensaci\u00f3n que me record\u00f3 todo, cuando mis hijos nacieron, es un regalo de Dios, es un ni\u00f1o hermoso\u00bb, extern\u00f3.<\/p>\n<p>Destac\u00f3 que el reci\u00e9n nacido ha demostraron tener una personalidad \u00absupertranquila\u00bb, pero de mucha vivacidad.<\/p>\n<p>El famoso destac\u00f3 que ya tuvo la oportunidad de cambiarlo:<\/p>\n<p>\u00abParece siempre que es la primera vez porque los ves tan chiquitos, tan peque\u00f1itos, lind\u00edsimo\u00bb.<\/p>\n<p>La sensaci\u00f3n de conocer a su nieto ha despertado en Strickler la sensaci\u00f3n de querer estar a su lado todo el tiempo, por lo que ya planea volver a Chihuahua, donde reside su hijo y su yerno.<\/p>\n<p>\u00abLo extra\u00f1o, quiero ir de nuevo a verlo y, en cualquier momento, me doy una escapada, aunque sea un d\u00eda, pero quiero ir a verlo y abrazarlo\u00bb, destac\u00f3.<\/p>\n<p>Finalmente, el actor confi\u00f3 que el d\u00eda del nacimiento de Alonso, \u00e9l y su esposa, Rub\u00ed Castro, fueron en b\u00fasqueda de un ropaje amarillo, pues existe la creencia que los beb\u00e9s deben salir del hospital vestidos de esa tonalidad, por lo que compraron la primera ropita que encontraron, a pesar de que era una talla demasiado grande para un neonato.<\/p>\n<p>\u00abTuvimos que salir corriendo porque hay una costumbre de que tienen que salir del hospital con algo amarillo, yo escuch\u00e9 eso y no ten\u00eda nada amarillo, as\u00ed que salimos con mi esposa a comprar algo, conseguimos un vestidito de seis meses, le quedaba gigante por todos lados, pero dijimos \u00b4sale de amarillo, porque sale de amarillo\u00b4\u00bb, detall\u00f3.<\/p>\n","protected":false},"excerpt":{"rendered":"<p>Ren\u00e9 Strickler se encuentra dichoso de haberse convertido en abuelo por primera vez, ahora que&#8230;<\/p>\n","protected":false},"author":1,"featured_media":22801,"comment_status":"open","ping_status":"closed","sticky":false,"template":"","format":"standard","meta":{"footnotes":""},"categories":[4],"tags":[],"class_list":["post-22799","post","type-post","status-publish","format-standard","has-post-thumbnail","hentry","category-espectaculos"],"_links":{"self":[{"href":"https:\/\/sacramentoqr.com\/index.php?rest_route=\/wp\/v2\/posts\/22799","targetHints":{"allow":["GET"]}}],"collection":[{"href":"https:\/\/sacramentoqr.com\/index.php?rest_route=\/wp\/v2\/posts"}],"about":[{"href":"https:\/\/sacramentoqr.com\/index.php?rest_route=\/wp\/v2\/types\/post"}],"author":[{"embeddable":true,"href":"https:\/\/sacramentoqr.com\/index.php?rest_route=\/wp\/v2\/users\/1"}],"replies":[{"embeddable":true,"href":"https:\/\/sacramentoqr.com\/index.php?rest_route=%2Fwp%2Fv2%2Fcomments&post=22799"}],"version-history":[{"count":1,"href":"https:\/\/sacramentoqr.com\/index.php?rest_route=\/wp\/v2\/posts\/22799\/revisions"}],"predecessor-version":[{"id":22800,"href":"https:\/\/sacramentoqr.com\/index.php?rest_route=\/wp\/v2\/posts\/22799\/revisions\/22800"}],"wp:featuredmedia":[{"embeddable":true,"href":"https:\/\/sacramentoqr.com\/index.php?rest_route=\/wp\/v2\/media\/22801"}],"wp:attachment":[{"href":"https:\/\/sacramentoqr.com\/index.php?rest_route=%2Fwp%2Fv2%2Fmedia&parent=22799"}],"wp:term":[{"taxonomy":"category","embeddable":true,"href":"https:\/\/sacramentoqr.com\/index.php?rest_route=%2Fwp%2Fv2%2Fcategories&post=22799"},{"taxonomy":"post_tag","embeddable":true,"href":"https:\/\/sacramentoqr.com\/index.php?rest_route=%2Fwp%2Fv2%2Ftags&post=22799"}],"curies":[{"name":"wp","href":"https:\/\/api.w.org\/{rel}","templated":true}]}}