{"id":22862,"date":"2024-05-22T09:11:04","date_gmt":"2024-05-22T14:11:04","guid":{"rendered":"https:\/\/sacramentoqr.com\/?p=22862"},"modified":"2024-05-22T14:11:05","modified_gmt":"2024-05-22T14:11:05","slug":"libus-inauguro-planta-en-santa-catarina-con-inversion-de-42-millones-de-pesos","status":"publish","type":"post","link":"https:\/\/sacramentoqr.com\/?p=22862","title":{"rendered":"Libus inaugur\u00f3 planta en Santa Catarina con inversi\u00f3n de 42 millones de pesos"},"content":{"rendered":"<p>Santa Catarina, NL. Con una inversi\u00f3n de 42 millones de pesos, Libus, empresa l\u00edder en el dise\u00f1o y fabricaci\u00f3n de Elementos de Protecci\u00f3n Personal para la cabeza (EPP) en Latinoam\u00e9rica, inaugur\u00f3 hoy su primera planta en M\u00e9xico y cuarta en Latinoam\u00e9rica.<\/p>\n<p>El presidente global de Libus, Lucas Argul, coment\u00f3 durante la inauguraci\u00f3n \u201cesta cuarta planta (en Latinoam\u00e9rica) se define como una operaci\u00f3n comercial creciendo hacia otros pa\u00edses. Esperamos que sea la planta m\u00e1s grande de esta regi\u00f3n, ojal\u00e1 no sea la \u00faltima y esperamos continuar expandi\u00e9ndonos\u201d.<\/p>\n<p>Libus tiene plantas en Argentina, Chile, Brasil y ahora una en el municipio de Santa Catarina, Nuevo Le\u00f3n.<\/p>\n<p>\u201cM\u00e9xico tiene una grande e interesante industria manufacturera, minera, petrolera, y elegimos Nuevo Le\u00f3n porque ya ten\u00edamos desarrollado una parte del mercado en este lugar, que crece a una tasa mayor que el promedio nacional, adem\u00e1s de su cercan\u00eda con el mercado americano que nos interesa atacar\u201d, dijo Lucas Argul.<\/p>\n<p>La planta tiene una extensi\u00f3n de 2,500 metros cuadrados. En su etapa inicial contar\u00e1 con tres l\u00edneas de producci\u00f3n dedicadas a la elaboraci\u00f3n de cascos, anteojos y protectores auditivos certificados y elaborados, cumpliendo con los m\u00e1s altos est\u00e1ndares y normativas mexicanas e internacionales.<\/p>\n<p>La capacidad de producci\u00f3n total de la planta ser\u00e1 de 280,000 unidades de protecci\u00f3n personal (EPP) mensuales: 200,000 lentes, 40,000 protectores auditivos y 40,000 cascos.<\/p>\n<p>Se prev\u00e9 que en el mediano plazo la planta de Libus en Santa Catarina pueda incorporar nuevas l\u00edneas de producci\u00f3n de acuerdo con el portafolio que abarca m\u00e1s de 128 productos propios para la zona de la cabeza.<\/p>\n<p>\u201cHoy estamos surtiendo a todo M\u00e9xico, tenemos distribuidores en Guadalajara, Ciudad de M\u00e9xico, el Baj\u00edo, Monterrey, Puebla, y estamos trabajando para atacar la frontera, la parte de Tijuana, Chihuahua y todas las zonas que requieran Elementos de Protecci\u00f3n Personal para la cabeza\u201d, destac\u00f3, Mariano Zurlo, director general de la planta Libus en M\u00e9xico.<\/p>\n<p>Uno de los productos que s\u00f3lo se fabricar\u00e1 en la planta de Nuevo Le\u00f3n es la de protecci\u00f3n auditiva, que se exportar\u00e1 a la zona andina: Chile, Per\u00fa y Colombia y tambi\u00e9n los cascos se exportan a otros pa\u00edses.<\/p>\n<p>A trav\u00e9s de maquinaria especializada, tres inyectoras de pl\u00e1stico de gran tonelaje y un proceso final de terminado gracias a la mano de obra especializada y talento local en \u00e1reas de inyecci\u00f3n, dep\u00f3sito y log\u00edstica, la compa\u00f1\u00eda planea ser fuente de trabajo, desarrollo de la comunidad e integraci\u00f3n de proveedur\u00eda local.<\/p>\n<p>A la fecha, cuentan con 25 personas en la planta ubicada en el Parque Industrial Milenium, y el objetivo es tener de aqu\u00ed a cinco a\u00f1os, alrededor de 100 empleos directos.<\/p>\n","protected":false},"excerpt":{"rendered":"<p>Santa Catarina, NL. Con una inversi\u00f3n de 42 millones de pesos, Libus, empresa l\u00edder en&#8230;<\/p>\n","protected":false},"author":1,"featured_media":22864,"comment_status":"open","ping_status":"closed","sticky":false,"template":"","format":"standard","meta":{"footnotes":""},"categories":[7],"tags":[],"class_list":["post-22862","post","type-post","status-publish","format-standard","has-post-thumbnail","hentry","category-nacional"],"_links":{"self":[{"href":"https:\/\/sacramentoqr.com\/index.php?rest_route=\/wp\/v2\/posts\/22862","targetHints":{"allow":["GET"]}}],"collection":[{"href":"https:\/\/sacramentoqr.com\/index.php?rest_route=\/wp\/v2\/posts"}],"about":[{"href":"https:\/\/sacramentoqr.com\/index.php?rest_route=\/wp\/v2\/types\/post"}],"author":[{"embeddable":true,"href":"https:\/\/sacramentoqr.com\/index.php?rest_route=\/wp\/v2\/users\/1"}],"replies":[{"embeddable":true,"href":"https:\/\/sacramentoqr.com\/index.php?rest_route=%2Fwp%2Fv2%2Fcomments&post=22862"}],"version-history":[{"count":1,"href":"https:\/\/sacramentoqr.com\/index.php?rest_route=\/wp\/v2\/posts\/22862\/revisions"}],"predecessor-version":[{"id":22863,"href":"https:\/\/sacramentoqr.com\/index.php?rest_route=\/wp\/v2\/posts\/22862\/revisions\/22863"}],"wp:featuredmedia":[{"embeddable":true,"href":"https:\/\/sacramentoqr.com\/index.php?rest_route=\/wp\/v2\/media\/22864"}],"wp:attachment":[{"href":"https:\/\/sacramentoqr.com\/index.php?rest_route=%2Fwp%2Fv2%2Fmedia&parent=22862"}],"wp:term":[{"taxonomy":"category","embeddable":true,"href":"https:\/\/sacramentoqr.com\/index.php?rest_route=%2Fwp%2Fv2%2Fcategories&post=22862"},{"taxonomy":"post_tag","embeddable":true,"href":"https:\/\/sacramentoqr.com\/index.php?rest_route=%2Fwp%2Fv2%2Ftags&post=22862"}],"curies":[{"name":"wp","href":"https:\/\/api.w.org\/{rel}","templated":true}]}}