{"id":22871,"date":"2024-05-23T11:45:34","date_gmt":"2024-05-23T16:45:34","guid":{"rendered":"https:\/\/sacramentoqr.com\/?p=22871"},"modified":"2024-05-23T16:45:36","modified_gmt":"2024-05-23T16:45:36","slug":"aficionados-de-mallorca-le-lloran-a-javier-aguirre-y-explotan-contra-la-directiva-sois-unos-miserables","status":"publish","type":"post","link":"https:\/\/sacramentoqr.com\/?p=22871","title":{"rendered":"Aficionados de Mallorca le lloran a Javier Aguirre y explotan contra la directiva: &#8216;Sois unos miserables&#8217;"},"content":{"rendered":"<p>Luego de que se diera a conocer de forma oficial que Javier Aguirre no seguir\u00e1 como entrenador del Mallorca la siguiente temporada, el club organiz\u00f3 una despedida al \u2018Vasco\u2019, esto luego de conseguir la salvaci\u00f3n y previo a su \u00faltimo partido en el banquillo al frente de los bermellones.<\/p>\n<p>A pesar de que Javier Aguirre se expres\u00f3 agradecido con la instituci\u00f3n debido a que en ning\u00fan club le han hecho una despedida de este estilo, los aficionados de Mallorca no est\u00e1n nada contentos con la salida del entrenador mexicano, ni con las formas de su despedida que tan solo fue de siete minutos.<\/p>\n<p>A trav\u00e9s de la red social X, seguidores del Mallorca expresaron su descontento e inclusive llamaron \u2018miserables\u2019 a la directiva del equipo, pues sienten que el entrenador mexicano merec\u00eda una mejor despedida tras salvar al equipo en tres ocasiones y llegar a la Final de la Copa del Rey.<\/p>\n<p>Otro tipo de insultos que llegaron al club de parte de los mismos aficionados del Mallorca fueron \u201cque equipo tan diminuto\u201d, \u201cque verg\u00fcenza de club\u201d y aseguran que con la salida de Javier Aguirre, el equipo va a perder la categor\u00eda para la pr\u00f3xima temporada.<\/p>\n<p>La despedida del \u2018Vasco\u2019 dur\u00f3 menos de ochos minutos y la directiva no le dio la oportunidad a los medios de comunicaci\u00f3n realizar preguntas al entrenador mexicano sobre su salida, pues justificaron que despu\u00e9s de su \u00faltimo partido vs Getafe el d\u00eda domingo, Aguirre podr\u00e1 contestar todas las preguntas.<\/p>\n","protected":false},"excerpt":{"rendered":"<p>Luego de que se diera a conocer de forma oficial que Javier Aguirre no seguir\u00e1&#8230;<\/p>\n","protected":false},"author":1,"featured_media":22873,"comment_status":"open","ping_status":"closed","sticky":false,"template":"","format":"standard","meta":{"footnotes":""},"categories":[3],"tags":[],"class_list":["post-22871","post","type-post","status-publish","format-standard","has-post-thumbnail","hentry","category-deportes"],"_links":{"self":[{"href":"https:\/\/sacramentoqr.com\/index.php?rest_route=\/wp\/v2\/posts\/22871","targetHints":{"allow":["GET"]}}],"collection":[{"href":"https:\/\/sacramentoqr.com\/index.php?rest_route=\/wp\/v2\/posts"}],"about":[{"href":"https:\/\/sacramentoqr.com\/index.php?rest_route=\/wp\/v2\/types\/post"}],"author":[{"embeddable":true,"href":"https:\/\/sacramentoqr.com\/index.php?rest_route=\/wp\/v2\/users\/1"}],"replies":[{"embeddable":true,"href":"https:\/\/sacramentoqr.com\/index.php?rest_route=%2Fwp%2Fv2%2Fcomments&post=22871"}],"version-history":[{"count":1,"href":"https:\/\/sacramentoqr.com\/index.php?rest_route=\/wp\/v2\/posts\/22871\/revisions"}],"predecessor-version":[{"id":22872,"href":"https:\/\/sacramentoqr.com\/index.php?rest_route=\/wp\/v2\/posts\/22871\/revisions\/22872"}],"wp:featuredmedia":[{"embeddable":true,"href":"https:\/\/sacramentoqr.com\/index.php?rest_route=\/wp\/v2\/media\/22873"}],"wp:attachment":[{"href":"https:\/\/sacramentoqr.com\/index.php?rest_route=%2Fwp%2Fv2%2Fmedia&parent=22871"}],"wp:term":[{"taxonomy":"category","embeddable":true,"href":"https:\/\/sacramentoqr.com\/index.php?rest_route=%2Fwp%2Fv2%2Fcategories&post=22871"},{"taxonomy":"post_tag","embeddable":true,"href":"https:\/\/sacramentoqr.com\/index.php?rest_route=%2Fwp%2Fv2%2Ftags&post=22871"}],"curies":[{"name":"wp","href":"https:\/\/api.w.org\/{rel}","templated":true}]}}