{"id":22962,"date":"2024-05-27T12:13:15","date_gmt":"2024-05-27T17:13:15","guid":{"rendered":"https:\/\/sacramentoqr.com\/?p=22962"},"modified":"2024-05-27T17:13:17","modified_gmt":"2024-05-27T17:13:17","slug":"mejora-el-estado-de-salud-del-primer-ministro-eslovaco-tiroteado","status":"publish","type":"post","link":"https:\/\/sacramentoqr.com\/?p=22962","title":{"rendered":"Mejora el estado de salud del primer ministro eslovaco tiroteado"},"content":{"rendered":"<p>El estado de salud del primer ministro de Eslovaquia, Robert Fico, en cuidados intensivos desde el atentado que le hiri\u00f3 de gravedad el pasado d\u00eda 15, ha registrado una \u201cmejora gradual\u201c, inform\u00f3 el hospital universitario F.D.Roosevelt de Bansk\u00e1 Bystrica, en el centro del pa\u00eds.<\/p>\n<p>\u201cSeg\u00fan los resultados de los ex\u00e1menes, el consejo (de m\u00e9dicos) confirm\u00f3 la mejora gradual de las condiciones de salud del primer ministro\u201d, indic\u00f3 la citada cl\u00ednica en un comunicado publicado en las redes sociales.<\/p>\n<p>Fico estuvo a punto de perder la vida al recibir en el abdomen y las extremidades el impacto de cuatro balas disparadas de cerca por un hombre de 71 a\u00f1os el 15 de mayo tras participar en un consejo de ministros en la localidad de Handlov\u00e1 (cercana a Bansk\u00e1 Bystrica).<\/p>\n<p>El supuesto agresor, que fue reducido y detenido el acto, se encuentra en prisi\u00f3n preventiva a la espera del juicio en su contra.<\/p>\n<p>La fiscal\u00eda le acusa de intento de asesinato con premeditaci\u00f3n, lo que puede acarrearle una pena de entre 25 a\u00f1os de prisi\u00f3n hasta cadena perpetua.<\/p>\n<p>El ataque a Fico, que encabeza una coalici\u00f3n de populistas de izquierdas y ultranacionalistas, se ha producido en un contexto de polarizaci\u00f3n social y pol\u00edtica, que se ha exacerbado en los \u00faltimos meses debido a varias pol\u00e9micas adoptadas por el Gobierno.<\/p>\n<p>Especialmente la abolici\u00f3n de la Fiscal\u00eda Especial anticorrupci\u00f3n, que tuvo a su cargo varias investigaciones de correligionarios de Fico y oligarcas afines, desat\u00f3 una oleada de multitudinarias protestas.<\/p>\n<p>Tambi\u00e9n indignan un plan para desmantelar el ente p\u00fablico de radio y televisi\u00f3n y un proyecto de ley para limitar las actividades de las oeneg\u00e9s.<\/p>\n<p>El supuesto atacante de Fico particip\u00f3 en algunas de esas protestas antigubernamentales y tras su detenci\u00f3n admiti\u00f3 que su agresi\u00f3n hab\u00eda estado motivada por su rechazo a las pol\u00edticas del jefe de Gobierno, entre ellas a su decisi\u00f3n de dejar de entregar armas de Ucrania.<\/p>\n<p>Luego, en una declaraci\u00f3n al Tribunal Especial de Pezinok, dijo arrepentirse de su crimen y asegur\u00f3 que no lo volver\u00eda a cometer.<\/p>\n","protected":false},"excerpt":{"rendered":"<p>El estado de salud del primer ministro de Eslovaquia, Robert Fico, en cuidados intensivos desde&#8230;<\/p>\n","protected":false},"author":1,"featured_media":22964,"comment_status":"open","ping_status":"closed","sticky":false,"template":"","format":"standard","meta":{"footnotes":""},"categories":[5],"tags":[],"class_list":["post-22962","post","type-post","status-publish","format-standard","has-post-thumbnail","hentry","category-internacional"],"_links":{"self":[{"href":"https:\/\/sacramentoqr.com\/index.php?rest_route=\/wp\/v2\/posts\/22962","targetHints":{"allow":["GET"]}}],"collection":[{"href":"https:\/\/sacramentoqr.com\/index.php?rest_route=\/wp\/v2\/posts"}],"about":[{"href":"https:\/\/sacramentoqr.com\/index.php?rest_route=\/wp\/v2\/types\/post"}],"author":[{"embeddable":true,"href":"https:\/\/sacramentoqr.com\/index.php?rest_route=\/wp\/v2\/users\/1"}],"replies":[{"embeddable":true,"href":"https:\/\/sacramentoqr.com\/index.php?rest_route=%2Fwp%2Fv2%2Fcomments&post=22962"}],"version-history":[{"count":1,"href":"https:\/\/sacramentoqr.com\/index.php?rest_route=\/wp\/v2\/posts\/22962\/revisions"}],"predecessor-version":[{"id":22963,"href":"https:\/\/sacramentoqr.com\/index.php?rest_route=\/wp\/v2\/posts\/22962\/revisions\/22963"}],"wp:featuredmedia":[{"embeddable":true,"href":"https:\/\/sacramentoqr.com\/index.php?rest_route=\/wp\/v2\/media\/22964"}],"wp:attachment":[{"href":"https:\/\/sacramentoqr.com\/index.php?rest_route=%2Fwp%2Fv2%2Fmedia&parent=22962"}],"wp:term":[{"taxonomy":"category","embeddable":true,"href":"https:\/\/sacramentoqr.com\/index.php?rest_route=%2Fwp%2Fv2%2Fcategories&post=22962"},{"taxonomy":"post_tag","embeddable":true,"href":"https:\/\/sacramentoqr.com\/index.php?rest_route=%2Fwp%2Fv2%2Ftags&post=22962"}],"curies":[{"name":"wp","href":"https:\/\/api.w.org\/{rel}","templated":true}]}}