{"id":22965,"date":"2024-05-28T09:28:28","date_gmt":"2024-05-28T14:28:28","guid":{"rendered":"https:\/\/sacramentoqr.com\/?p=22965"},"modified":"2024-05-28T14:28:29","modified_gmt":"2024-05-28T14:28:29","slug":"santiago-gimenez-y-edson-alvarez-ya-reportaron-con-la-seleccion-de-cara-a-copa-america","status":"publish","type":"post","link":"https:\/\/sacramentoqr.com\/?p=22965","title":{"rendered":"Santiago Gim\u00e9nez y Edson \u00c1lvarez ya reportaron con la Selecci\u00f3n de cara a Copa Am\u00e9rica"},"content":{"rendered":"<p>Este martes, despu\u00e9s de que termin\u00f3 el Clausura 2024 de la Liga MX, los jugadores que ya no tienen actividad con sus equipos han comenzado a concentrar con la Selecci\u00f3n Mexicana de cara a los partidos amistosos y a la Copa Am\u00e9rica, misma que se celebrar\u00e1 en Estados Unidos.<\/p>\n<p>Santiago Gim\u00e9nez y Edson \u00c1lvarez, del Feyenoord y West Ham United, respectivamente, ya est\u00e1n en el Centro de Alto Rendimiento junto a 10 jugadores m\u00e1s que est\u00e1n en la prelista de cara a la competici\u00f3n veraniega y al torneo Sub-23, Maurice Revello (anteriormente conocido como Esperanzas de Toullon).<\/p>\n<p>Adem\u00e1s, dentro de la legi\u00f3n europea, Orbel\u00edn Pineda tambi\u00e9n se integra a los entrenamientos de la Selecci\u00f3n Nacional, siendo nueve miembros los que juegan en la Liga MX, mismos que estuvieron en la fase final del campeonato mexicano y que por esa raz\u00f3n se integran hasta ahora.<\/p>\n<p>A estos jugadores todav\u00eda falta que se les integren los futbolistas que disputaron la Final del Clausura 2024, mismos que tienen d\u00edas de vacaciones y despu\u00e9s se integrar\u00e1n a la Selecci\u00f3n de Jaime Lozano para encarar los amistosos y la Copa Am\u00e9rica.<\/p>\n<p>Lista de jugadores que se integran al Tricolor<br \/>\nJugador Equipo<br \/>\nRoberto Alvarado Chivas<br \/>\nFernando Beltr\u00e1n Chivas<br \/>\nJes\u00fas Orozco Chiquete Chivas<br \/>\nJos\u00e9 Rangel Chivas<br \/>\nGerardo Arteaga Rayados<br \/>\nV\u00edctor Guzm\u00e1n Rayados<br \/>\nJordi Cortizo Rayados<br \/>\nLuis Romo Rayados<br \/>\nJorge S\u00e1nchez Porto FC<br \/>\nOrbel\u00edn Pineda AEK Atenas<br \/>\nEdson \u00c1lvarez West Ham United<br \/>\nSantiago Gim\u00e9nez Feyenoord<\/p>\n","protected":false},"excerpt":{"rendered":"<p>Este martes, despu\u00e9s de que termin\u00f3 el Clausura 2024 de la Liga MX, los jugadores&#8230;<\/p>\n","protected":false},"author":1,"featured_media":22967,"comment_status":"open","ping_status":"closed","sticky":false,"template":"","format":"standard","meta":{"footnotes":""},"categories":[3],"tags":[],"class_list":["post-22965","post","type-post","status-publish","format-standard","has-post-thumbnail","hentry","category-deportes"],"_links":{"self":[{"href":"https:\/\/sacramentoqr.com\/index.php?rest_route=\/wp\/v2\/posts\/22965","targetHints":{"allow":["GET"]}}],"collection":[{"href":"https:\/\/sacramentoqr.com\/index.php?rest_route=\/wp\/v2\/posts"}],"about":[{"href":"https:\/\/sacramentoqr.com\/index.php?rest_route=\/wp\/v2\/types\/post"}],"author":[{"embeddable":true,"href":"https:\/\/sacramentoqr.com\/index.php?rest_route=\/wp\/v2\/users\/1"}],"replies":[{"embeddable":true,"href":"https:\/\/sacramentoqr.com\/index.php?rest_route=%2Fwp%2Fv2%2Fcomments&post=22965"}],"version-history":[{"count":1,"href":"https:\/\/sacramentoqr.com\/index.php?rest_route=\/wp\/v2\/posts\/22965\/revisions"}],"predecessor-version":[{"id":22966,"href":"https:\/\/sacramentoqr.com\/index.php?rest_route=\/wp\/v2\/posts\/22965\/revisions\/22966"}],"wp:featuredmedia":[{"embeddable":true,"href":"https:\/\/sacramentoqr.com\/index.php?rest_route=\/wp\/v2\/media\/22967"}],"wp:attachment":[{"href":"https:\/\/sacramentoqr.com\/index.php?rest_route=%2Fwp%2Fv2%2Fmedia&parent=22965"}],"wp:term":[{"taxonomy":"category","embeddable":true,"href":"https:\/\/sacramentoqr.com\/index.php?rest_route=%2Fwp%2Fv2%2Fcategories&post=22965"},{"taxonomy":"post_tag","embeddable":true,"href":"https:\/\/sacramentoqr.com\/index.php?rest_route=%2Fwp%2Fv2%2Ftags&post=22965"}],"curies":[{"name":"wp","href":"https:\/\/api.w.org\/{rel}","templated":true}]}}