{"id":22968,"date":"2024-05-28T09:33:43","date_gmt":"2024-05-28T14:33:43","guid":{"rendered":"https:\/\/sacramentoqr.com\/?p=22968"},"modified":"2024-05-28T14:33:44","modified_gmt":"2024-05-28T14:33:44","slug":"paola-durante-demandara-a-serie-quien-lo-mato-por-compensacion-economica","status":"publish","type":"post","link":"https:\/\/sacramentoqr.com\/?p=22968","title":{"rendered":"Paola Durante demandar\u00e1 a serie &#8216;\u00bfQuien lo mat\u00f3?&#8217; por compensaci\u00f3n econ\u00f3mica"},"content":{"rendered":"<p>Paola Durante ha expresado firmemente su intenci\u00f3n de no quedarse de brazos cruzados tras el estreno de la serie \u00bfQui\u00e9n lo mat\u00f3?, la cual aborda el asesinato del presentador de televisi\u00f3n Paco Stanley y en la que su personaje es interpretado por la cantante Belinda.<\/p>\n<p>Durante ha manifestado que, adem\u00e1s de querer que su historia sea contada con precisi\u00f3n y respeto, busca una compensaci\u00f3n econ\u00f3mica por el uso de su imagen y su historia personal.<\/p>\n<p>\u00bfPor qu\u00e9 demandar\u00e1 Paola Durante a la serie?<br \/>\nPaola Durante ha sido clara al respecto, se\u00f1alando que considera tener derecho a una parte de las ganancias generadas por la serie. En sus propias palabras:<\/p>\n<p>\u00abSolo reparta el pastel y ya, es lo \u00fanico que pido. Para que miento, as\u00ed como muchos a\u00f1os me dec\u00edan&#8230; Tambi\u00e9n por el dinero hay que aceptarlo, las cosas como son y yo nunca he mentido en nada, y esta vez tampoco voy a mentir. Tambi\u00e9n quiero de ese pastelillo, no es por enojo, sino porque creo que es lo correcto, creo que estoy en todo mi derecho\u201d, dijo la ex modelo.<\/p>\n<p>A pesar de sus demandas, Durante no est\u00e1 enojada con la producci\u00f3n ni con Belinda. De hecho, muestra entusiasmo por la elecci\u00f3n de la cantante para interpretarla:<\/p>\n<p>\u00abNo estoy enojada, al contrario, qu\u00e9 padre que hablen de m\u00ed, qu\u00e9 padre que Belinda, esa belleza de mujer, me represente. Vamos a ver, estoy ansiosa por ver ese cap\u00edtulo, s\u00e9 que es de los \u00faltimos y justo termina el d\u00eda que muri\u00f3 Paco Stanley.\u00bb<\/p>\n<p>Paola tambi\u00e9n comparti\u00f3 que su prima, la actriz B\u00e1rbara Mori, le recomend\u00f3 ver la serie. Mori le coment\u00f3 que la serie est\u00e1 incre\u00edble y que la sorprender\u00e1, aunque tambi\u00e9n le advirti\u00f3 que ser\u00e1 un recordatorio fuerte de esos dif\u00edciles momentos:<\/p>\n<p>\u00abMe dijo \u2018oye, est\u00e1 incre\u00edble la serie. Tienes que verla, te vas a sorprender\u2019 lo \u00fanico que s\u00ed me dijo, es que debes de ser fuerte, porque es recordar todo.\u00bb<\/p>\n<p>Con estas declaraciones, Paola Durante deja claro que aunque est\u00e1 emocionada y curiosa por ver c\u00f3mo se retrata su historia en la serie, tambi\u00e9n busca ser reconocida y compensada por la utilizaci\u00f3n de su experiencia personal en la narrativa del programa.<\/p>\n<p>&nbsp;<\/p>\n<p>&nbsp;<\/p>\n","protected":false},"excerpt":{"rendered":"<p>Paola Durante ha expresado firmemente su intenci\u00f3n de no quedarse de brazos cruzados tras el&#8230;<\/p>\n","protected":false},"author":1,"featured_media":22970,"comment_status":"open","ping_status":"closed","sticky":false,"template":"","format":"standard","meta":{"footnotes":""},"categories":[4],"tags":[],"class_list":["post-22968","post","type-post","status-publish","format-standard","has-post-thumbnail","hentry","category-espectaculos"],"_links":{"self":[{"href":"https:\/\/sacramentoqr.com\/index.php?rest_route=\/wp\/v2\/posts\/22968","targetHints":{"allow":["GET"]}}],"collection":[{"href":"https:\/\/sacramentoqr.com\/index.php?rest_route=\/wp\/v2\/posts"}],"about":[{"href":"https:\/\/sacramentoqr.com\/index.php?rest_route=\/wp\/v2\/types\/post"}],"author":[{"embeddable":true,"href":"https:\/\/sacramentoqr.com\/index.php?rest_route=\/wp\/v2\/users\/1"}],"replies":[{"embeddable":true,"href":"https:\/\/sacramentoqr.com\/index.php?rest_route=%2Fwp%2Fv2%2Fcomments&post=22968"}],"version-history":[{"count":1,"href":"https:\/\/sacramentoqr.com\/index.php?rest_route=\/wp\/v2\/posts\/22968\/revisions"}],"predecessor-version":[{"id":22969,"href":"https:\/\/sacramentoqr.com\/index.php?rest_route=\/wp\/v2\/posts\/22968\/revisions\/22969"}],"wp:featuredmedia":[{"embeddable":true,"href":"https:\/\/sacramentoqr.com\/index.php?rest_route=\/wp\/v2\/media\/22970"}],"wp:attachment":[{"href":"https:\/\/sacramentoqr.com\/index.php?rest_route=%2Fwp%2Fv2%2Fmedia&parent=22968"}],"wp:term":[{"taxonomy":"category","embeddable":true,"href":"https:\/\/sacramentoqr.com\/index.php?rest_route=%2Fwp%2Fv2%2Fcategories&post=22968"},{"taxonomy":"post_tag","embeddable":true,"href":"https:\/\/sacramentoqr.com\/index.php?rest_route=%2Fwp%2Fv2%2Ftags&post=22968"}],"curies":[{"name":"wp","href":"https:\/\/api.w.org\/{rel}","templated":true}]}}