{"id":22974,"date":"2024-05-28T09:40:25","date_gmt":"2024-05-28T14:40:25","guid":{"rendered":"https:\/\/sacramentoqr.com\/?p=22974"},"modified":"2024-05-28T14:40:26","modified_gmt":"2024-05-28T14:40:26","slug":"crisis-climatica-amenaza-la-vida-de-41-millones-de-personas-en-latinoamerica-segun-onu","status":"publish","type":"post","link":"https:\/\/sacramentoqr.com\/?p=22974","title":{"rendered":"Crisis clim\u00e1tica amenaza la vida de 41 millones de personas en Latinoam\u00e9rica, seg\u00fan ONU"},"content":{"rendered":"<p>La crisis clim\u00e1tica amenaza los medios de vida y la atenci\u00f3n sanitaria de 41 millones de personas en zonas costeras de baja altitud en Latinoam\u00e9rica y el Caribe, seg\u00fan un nuevo estudio del Fondo de Poblaci\u00f3n de las Naciones Unidas (UNFPA).<\/p>\n<p>El informe, para el que se usaron im\u00e1genes por sat\u00e9lite, datos geoespaciales y estimaciones de poblaci\u00f3n, establece que estas bajas comunidades litorales de la regi\u00f3n est\u00e1n m\u00e1s expuestas a riesgos como la sequ\u00eda, la desertificaci\u00f3n, huracanes o tormentas.<br \/>\n\u201cLos fen\u00f3menos meteorol\u00f3gicos extremos suelen traer como consecuencia inundaciones generalizadas que destruyen hogares, empresas y servicios esenciales, adem\u00e1s de la atenci\u00f3n sanitaria\u201d, a\u00f1ade el documento.<\/p>\n<p>Los datos se presentaron en la cuarta Conferencia de Peque\u00f1os Estados Insulares en Desarrollo (PEID4), que se celebra en Antigua y Barbuda hasta el jueves, donde UNFPA est\u00e1 pidiendo principalmente a los pa\u00edses participantes mayores inversiones para reducir las desigualdades de su poblaci\u00f3n y una mejor gesti\u00f3n de los recursos h\u00eddricos.<br \/>\nMujeres y ni\u00f1as, las m\u00e1s afectadas<\/p>\n<p>De acuerdo a esta agencia de la ONU especializada en pol\u00edtica demogr\u00e1fica, la poblaci\u00f3n m\u00e1s afectada por estas condiciones son mujeres y ni\u00f1as que, \u201cfruto de las desigualdades\u201d, sufren \u201cde forma desproporcionada\u201d la falta de acceso a partos seguros o protecci\u00f3n frente a la violencia de g\u00e9nero.<\/p>\n<p>\u201cMillones de mujeres y ni\u00f1as vulnerables, que son las menos responsables de la crisis clim\u00e1tica, pagan un alto precio cuando se producen cat\u00e1strofes relacionadas con el clima y se alteran los servicios b\u00e1sicos de salud y protecci\u00f3n, as\u00ed como los medios de subsistencia\u201d, declar\u00f3 la directora ejecutiva de UNFPA, la doctora Natalia Kanem, en el estudio.<\/p>\n<p>El an\u00e1lisis tambi\u00e9n muestra que mil 448 hospitales vitales para la salud de madres y para la planificaci\u00f3n familiar est\u00e1n situados en zonas costeras de baja altitud m\u00e1s propensas a los riesgos naturales.<\/p>\n<p>En territorios como Aruba, Islas Caim\u00e1n, Surinam, Bahamas y Guyana, m\u00e1s del 80 por ciento de los hospitales se encuentran en estas \u00e1reas litorales bajas, mientras que en el resto de Am\u00e9rica Latina y el Caribe, los pa\u00edses con mayor n\u00famero de centros m\u00e9dicos en dichas latitudes son Ecuador (11.9 por ciento), Hait\u00ed (10 por ciento) y Brasil (7.2 por ciento), seg\u00fan UNFPA.<\/p>\n<p>PEID4, que presta especial atenci\u00f3n a la \u201camenaza existencial\u201d de la crisis clim\u00e1tica, se celebra antes de que inicie la temporada de huracanes en el Atl\u00e1ntico y que podr\u00eda tener un impacto \u201cbrutal\u201d en la regi\u00f3n este a\u00f1o, seg\u00fan la organizaci\u00f3n.<\/p>\n","protected":false},"excerpt":{"rendered":"<p>La crisis clim\u00e1tica amenaza los medios de vida y la atenci\u00f3n sanitaria de 41 millones&#8230;<\/p>\n","protected":false},"author":1,"featured_media":22976,"comment_status":"open","ping_status":"closed","sticky":false,"template":"","format":"standard","meta":{"footnotes":""},"categories":[5],"tags":[],"class_list":["post-22974","post","type-post","status-publish","format-standard","has-post-thumbnail","hentry","category-internacional"],"_links":{"self":[{"href":"https:\/\/sacramentoqr.com\/index.php?rest_route=\/wp\/v2\/posts\/22974","targetHints":{"allow":["GET"]}}],"collection":[{"href":"https:\/\/sacramentoqr.com\/index.php?rest_route=\/wp\/v2\/posts"}],"about":[{"href":"https:\/\/sacramentoqr.com\/index.php?rest_route=\/wp\/v2\/types\/post"}],"author":[{"embeddable":true,"href":"https:\/\/sacramentoqr.com\/index.php?rest_route=\/wp\/v2\/users\/1"}],"replies":[{"embeddable":true,"href":"https:\/\/sacramentoqr.com\/index.php?rest_route=%2Fwp%2Fv2%2Fcomments&post=22974"}],"version-history":[{"count":1,"href":"https:\/\/sacramentoqr.com\/index.php?rest_route=\/wp\/v2\/posts\/22974\/revisions"}],"predecessor-version":[{"id":22975,"href":"https:\/\/sacramentoqr.com\/index.php?rest_route=\/wp\/v2\/posts\/22974\/revisions\/22975"}],"wp:featuredmedia":[{"embeddable":true,"href":"https:\/\/sacramentoqr.com\/index.php?rest_route=\/wp\/v2\/media\/22976"}],"wp:attachment":[{"href":"https:\/\/sacramentoqr.com\/index.php?rest_route=%2Fwp%2Fv2%2Fmedia&parent=22974"}],"wp:term":[{"taxonomy":"category","embeddable":true,"href":"https:\/\/sacramentoqr.com\/index.php?rest_route=%2Fwp%2Fv2%2Fcategories&post=22974"},{"taxonomy":"post_tag","embeddable":true,"href":"https:\/\/sacramentoqr.com\/index.php?rest_route=%2Fwp%2Fv2%2Ftags&post=22974"}],"curies":[{"name":"wp","href":"https:\/\/api.w.org\/{rel}","templated":true}]}}