{"id":23022,"date":"2024-06-01T13:34:05","date_gmt":"2024-06-01T18:34:05","guid":{"rendered":"https:\/\/sacramentoqr.com\/?p=23022"},"modified":"2024-06-01T18:34:06","modified_gmt":"2024-06-01T18:34:06","slug":"onda-de-calor-azota-a-migrantes-varados-en-la-frontera-mexico-ee-uu-con-casi-40-grados","status":"publish","type":"post","link":"https:\/\/sacramentoqr.com\/?p=23022","title":{"rendered":"Onda de calor azota a migrantes varados en la frontera M\u00e9xico-EE.UU. con casi 40 grados"},"content":{"rendered":"<p>Temperaturas cercanas a 40 grados azotan a migrantes varados en el r\u00edo Bravo (o Grande), en la frontera de M\u00e9xico con Estados Unidos, donde han padecido la tercera onda de calor del a\u00f1o que acumula casi dos semanas en territorio mexicano.<\/p>\n<p>El term\u00f3metro lleg\u00f3 a 38 grados varios d\u00edas de este semana en Ciudad Ju\u00e1rez, donde se espera que el pr\u00f3ximo martes y mi\u00e9rcoles alcance los 40 grados, temperaturas que afectan a los indocumentados que acampan a la intemperie en el l\u00edmite binacional.<\/p>\n<p>La Direcci\u00f3n Municipal de Protecci\u00f3n Civil atendi\u00f3 la semana pasada a una beb\u00e9 de 10 meses con un cuadro grave de deshidrataci\u00f3n y un ni\u00f1o de 10 a\u00f1os fue al hospital por escoriaciones en la piel.<\/p>\n<p>\u201cEs bien dif\u00edcil porque en el d\u00eda el calor es insoportable, no hay donde esconderse, entonces toca (cubrirse) con las cobijas y las cosas que uno trae\u201d, declar\u00f3 Nicol\u00e1s, un colombiano que parti\u00f3 de su pa\u00eds por la violencia.<\/p>\n<p>El hombre agreg\u00f3 que, al clima, se suma la agresividad de la Guardia Nacional de Texas, que ahora les dispara desde Estados Unidos balas de goma y de gas pimienta.<\/p>\n<p>Pese al panorama, dijo que esperar\u00e1n otros d\u00edas m\u00e1s junto al r\u00edo Bravo con la esperanza de cruzar.<\/p>\n<p>\u201cHay ni\u00f1os que est\u00e1n enfermos, con fiebre, con malestar, con muchas enfermedades, debidas al cambio de clima porque en el d\u00eda es mucho calor y en la noche mucho fr\u00edo\u201d, coment\u00f3 el migrante.<\/p>\n<p>La tercera onda de calor del a\u00f1o afecta desde el 20 de mayo a M\u00e9xico, donde 61 personas han muerto por las altas temperaturas este 2024, cuando los term\u00f3metros en 10 ciudades han roto r\u00e9cords, incluyendo la capital.<\/p>\n<p>Sergio Rodr\u00edguez, director general de Protecci\u00f3n Civil de Ciudad Ju\u00e1rez, anunci\u00f3 que en pr\u00f3ximos d\u00edas habr\u00e1 recorridos en la zona donde est\u00e1n los migrantes en el r\u00edo Bravo.<\/p>\n<p>\u201cEs un lugar que no es apto para pernoctar ni mucho menos estar ah\u00ed de d\u00eda, hay un flujo de aguas sucias, aparte de las altas temperaturas que existen en nuestra ciudad y ah\u00ed no hay una zona de resguardo para mitigar ese tipo de temperaturas que pueden llegar a ocasionar un golpe de calor y la muerte\u201d, coment\u00f3.<\/p>\n<p>El funcionario expuso que los albergues de la ciudad est\u00e1n al 50 por ciento de su capacidad y que pueden absorber a quienes duermen junto al afluente para evitar que los afecte m\u00e1s la temperatura que subir\u00e1 a\u00fan m\u00e1s la pr\u00f3xima semana, aunque todav\u00eda faltan 20 d\u00edas para que inicie el verano.<\/p>\n<p>La migraci\u00f3n irregular detectada por el Gobierno de M\u00e9xico subi\u00f3 casi 200 por ciento en el primer trimestre de 2024, con casi 360 mil personas interceptadas.<\/p>\n","protected":false},"excerpt":{"rendered":"<p>Temperaturas cercanas a 40 grados azotan a migrantes varados en el r\u00edo Bravo (o Grande),&#8230;<\/p>\n","protected":false},"author":1,"featured_media":23024,"comment_status":"open","ping_status":"closed","sticky":false,"template":"","format":"standard","meta":{"footnotes":""},"categories":[7],"tags":[],"class_list":["post-23022","post","type-post","status-publish","format-standard","has-post-thumbnail","hentry","category-nacional"],"_links":{"self":[{"href":"https:\/\/sacramentoqr.com\/index.php?rest_route=\/wp\/v2\/posts\/23022","targetHints":{"allow":["GET"]}}],"collection":[{"href":"https:\/\/sacramentoqr.com\/index.php?rest_route=\/wp\/v2\/posts"}],"about":[{"href":"https:\/\/sacramentoqr.com\/index.php?rest_route=\/wp\/v2\/types\/post"}],"author":[{"embeddable":true,"href":"https:\/\/sacramentoqr.com\/index.php?rest_route=\/wp\/v2\/users\/1"}],"replies":[{"embeddable":true,"href":"https:\/\/sacramentoqr.com\/index.php?rest_route=%2Fwp%2Fv2%2Fcomments&post=23022"}],"version-history":[{"count":1,"href":"https:\/\/sacramentoqr.com\/index.php?rest_route=\/wp\/v2\/posts\/23022\/revisions"}],"predecessor-version":[{"id":23023,"href":"https:\/\/sacramentoqr.com\/index.php?rest_route=\/wp\/v2\/posts\/23022\/revisions\/23023"}],"wp:featuredmedia":[{"embeddable":true,"href":"https:\/\/sacramentoqr.com\/index.php?rest_route=\/wp\/v2\/media\/23024"}],"wp:attachment":[{"href":"https:\/\/sacramentoqr.com\/index.php?rest_route=%2Fwp%2Fv2%2Fmedia&parent=23022"}],"wp:term":[{"taxonomy":"category","embeddable":true,"href":"https:\/\/sacramentoqr.com\/index.php?rest_route=%2Fwp%2Fv2%2Fcategories&post=23022"},{"taxonomy":"post_tag","embeddable":true,"href":"https:\/\/sacramentoqr.com\/index.php?rest_route=%2Fwp%2Fv2%2Ftags&post=23022"}],"curies":[{"name":"wp","href":"https:\/\/api.w.org\/{rel}","templated":true}]}}