{"id":23025,"date":"2024-06-01T13:37:32","date_gmt":"2024-06-01T18:37:32","guid":{"rendered":"https:\/\/sacramentoqr.com\/?p=23025"},"modified":"2024-06-01T18:37:33","modified_gmt":"2024-06-01T18:37:33","slug":"el-papa-francisco-afirma-que-interceder-por-la-paz-requiere-involucrarse-y-asumir-riesgos","status":"publish","type":"post","link":"https:\/\/sacramentoqr.com\/?p=23025","title":{"rendered":"El papa Francisco afirma que interceder por la paz requiere involucrarse y asumir riesgos"},"content":{"rendered":"<p>El papa Francisco afirm\u00f3 que \u201cinterceder por la paz es algo que va mucho m\u00e1s all\u00e1 del simple compromiso pol\u00edtico, porque requiere involucrarse y asumir riesgos\u201d, durante una audiencia en el Vaticano a la Asociaci\u00f3n de Laicos Cristianos.<\/p>\n<p>En su discurso el papa destac\u00f3 la labor de esta asociaci\u00f3n de \u201cser pacificadores\u201c. \u201cEn un mundo ensangrentado por tantas guerras, s\u00e9 que comparto con vosotros el compromiso y la oraci\u00f3n por la paz\u201d.<\/p>\n<p>Y reiter\u00f3 que \u201cla guerra nunca es inevitable mientras que la paz siempre es posible; y que esto se aplica tanto en las relaciones entre los Estados como en la vida de las familias, las comunidades y el lugar de trabajo\u201d<\/p>\n<p>\u201cLos que saben tomar posici\u00f3n con claridad, pero a la vez s\u00ed, construir la paz. se esfuerza por tender puentes, escuchar y comprender a las diferentes partes implicadas, promoviendo el di\u00e1logo y la reconciliaci\u00f3n\u201d, dijo Francisco, que agreg\u00f3, \u201cinterceder por la paz es algo que va mucho m\u00e1s all\u00e1 del simple compromiso pol\u00edtico, porque requiere involucrarse y asumir riesgos\u201d<\/p>\n<p>\u201cEn un mundo marcado por conflictos y divisiones, su testimonio como pacificadores, como intercesores por la paz, es m\u00e1s necesario y precioso que nunca\u201d, los dijo.<\/p>\n<p>Francisco tambi\u00e9n afirm\u00f3 que en estos momentos el mundo \u201cnecesita\u201d democracia y que \u201cdemocr\u00e1tica es aquella sociedad en la que realmente hay un lugar para todos, en la realidad y no s\u00f3lo en declaraciones y en el papel\u201d.<\/p>\n","protected":false},"excerpt":{"rendered":"<p>El papa Francisco afirm\u00f3 que \u201cinterceder por la paz es algo que va mucho m\u00e1s&#8230;<\/p>\n","protected":false},"author":1,"featured_media":23027,"comment_status":"open","ping_status":"closed","sticky":false,"template":"","format":"standard","meta":{"footnotes":""},"categories":[5],"tags":[],"class_list":["post-23025","post","type-post","status-publish","format-standard","has-post-thumbnail","hentry","category-internacional"],"_links":{"self":[{"href":"https:\/\/sacramentoqr.com\/index.php?rest_route=\/wp\/v2\/posts\/23025","targetHints":{"allow":["GET"]}}],"collection":[{"href":"https:\/\/sacramentoqr.com\/index.php?rest_route=\/wp\/v2\/posts"}],"about":[{"href":"https:\/\/sacramentoqr.com\/index.php?rest_route=\/wp\/v2\/types\/post"}],"author":[{"embeddable":true,"href":"https:\/\/sacramentoqr.com\/index.php?rest_route=\/wp\/v2\/users\/1"}],"replies":[{"embeddable":true,"href":"https:\/\/sacramentoqr.com\/index.php?rest_route=%2Fwp%2Fv2%2Fcomments&post=23025"}],"version-history":[{"count":1,"href":"https:\/\/sacramentoqr.com\/index.php?rest_route=\/wp\/v2\/posts\/23025\/revisions"}],"predecessor-version":[{"id":23026,"href":"https:\/\/sacramentoqr.com\/index.php?rest_route=\/wp\/v2\/posts\/23025\/revisions\/23026"}],"wp:featuredmedia":[{"embeddable":true,"href":"https:\/\/sacramentoqr.com\/index.php?rest_route=\/wp\/v2\/media\/23027"}],"wp:attachment":[{"href":"https:\/\/sacramentoqr.com\/index.php?rest_route=%2Fwp%2Fv2%2Fmedia&parent=23025"}],"wp:term":[{"taxonomy":"category","embeddable":true,"href":"https:\/\/sacramentoqr.com\/index.php?rest_route=%2Fwp%2Fv2%2Fcategories&post=23025"},{"taxonomy":"post_tag","embeddable":true,"href":"https:\/\/sacramentoqr.com\/index.php?rest_route=%2Fwp%2Fv2%2Ftags&post=23025"}],"curies":[{"name":"wp","href":"https:\/\/api.w.org\/{rel}","templated":true}]}}