{"id":23037,"date":"2024-06-02T18:09:22","date_gmt":"2024-06-02T23:09:22","guid":{"rendered":"https:\/\/sacramentoqr.com\/?p=23037"},"modified":"2024-06-02T23:09:23","modified_gmt":"2024-06-02T23:09:23","slug":"belinda-revela-por-que-le-causo-dolor-interpretar-a-paola-durante-en-quien-lo-mato","status":"publish","type":"post","link":"https:\/\/sacramentoqr.com\/?p=23037","title":{"rendered":"Belinda revela por qu\u00e9 le caus\u00f3 dolor interpretar a Paola Durante en \u00ab\u00bfQui\u00e9n lo mat\u00f3?\u00bb"},"content":{"rendered":"<p>\u00ab\u00bfQui\u00e9n lo mat\u00f3?\u00bb es la serie de Prime Video que retrata c\u00f3mo ocurri\u00f3 el asesinato de Paco Stanley el 7 de junio de 1999 y la pol\u00e9mica ha vuelto a surgir, sin embargo, los actores involucrados tambi\u00e9n han hablado sobre el reto que represent\u00f3 para cada uno interpretar a sus respectivos personajes, como Belinda a Paola Durante.<\/p>\n<p>Este caso es uno de los que m\u00e1s intriga ha generado desde hace 25 a\u00f1os, pues represent\u00f3 el final de una era en la televisi\u00f3n mexicana, donde Paco Stanley era uno de los conductores m\u00e1s exitosos de aquella \u00e9poca junto a su pati\u00f1o, el tambi\u00e9n conductor, Mario Bezares.<\/p>\n<p>\u00bfPor qu\u00e9 a Belinda le caus\u00f3 dolor interpretar a Paola Durante?<br \/>\nPaola Durante era edec\u00e1n de Paco Stanley y se vio envuelta en el caso luego de que la se\u00f1alaran como sospechosa de su asesinato, por lo cual estuvo en prisi\u00f3n al rededor de un a\u00f1o y cuatro meses.<\/p>\n<p>Belinda fue la elegida para darle vida a Paola, a quien no le ha gustado c\u00f3mo fue plasmada en la serie, pues en un reciente video que public\u00f3 en su canal de YouTube, se mostr\u00f3 molesta al decir que ella \u00abno hablaba as\u00ed\u00bb.<\/p>\n<p>Y es que cabe recordar que en ese entonces, Paola Durante usaba brackets, por lo cual, Belinda tuvo que someterse a una transformaci\u00f3n para parecerse a la edec\u00e1n, esto signific\u00f3 usar los mismos aparatos bucales para lograr ese efecto, adem\u00e1s de prost\u00e9ticos en el rostro.<\/p>\n<p>Adem\u00e1s de brackets, ten\u00eda prost\u00e9ticos toda la parte de arriba, la parte de abajo, la parte de atr\u00e1s para que la cara fuera completamente diferente a la m\u00eda y era muy complicado hablar\u00bb<\/p>\n<p>Dijo Belinda en entrevista para el canal de YouTube de Javier Risco en donde tambi\u00e9n habl\u00f3 del dolor que le caus\u00f3 la caracterizaci\u00f3n de Paola Durante por lo que implicaba f\u00edsicamente.<\/p>\n<p>Yo despu\u00e9s de la serie dur\u00e9 con llagas, porque aparte ten\u00eda brackets, dur\u00e9 con llagas adentro de los labios, yo creo que como un mes. Hablaba y me dol\u00eda, era doloroso\u00bb<\/p>\n","protected":false},"excerpt":{"rendered":"<p>\u00ab\u00bfQui\u00e9n lo mat\u00f3?\u00bb es la serie de Prime Video que retrata c\u00f3mo ocurri\u00f3 el asesinato&#8230;<\/p>\n","protected":false},"author":1,"featured_media":23039,"comment_status":"open","ping_status":"closed","sticky":false,"template":"","format":"standard","meta":{"footnotes":""},"categories":[4],"tags":[],"class_list":["post-23037","post","type-post","status-publish","format-standard","has-post-thumbnail","hentry","category-espectaculos"],"_links":{"self":[{"href":"https:\/\/sacramentoqr.com\/index.php?rest_route=\/wp\/v2\/posts\/23037","targetHints":{"allow":["GET"]}}],"collection":[{"href":"https:\/\/sacramentoqr.com\/index.php?rest_route=\/wp\/v2\/posts"}],"about":[{"href":"https:\/\/sacramentoqr.com\/index.php?rest_route=\/wp\/v2\/types\/post"}],"author":[{"embeddable":true,"href":"https:\/\/sacramentoqr.com\/index.php?rest_route=\/wp\/v2\/users\/1"}],"replies":[{"embeddable":true,"href":"https:\/\/sacramentoqr.com\/index.php?rest_route=%2Fwp%2Fv2%2Fcomments&post=23037"}],"version-history":[{"count":1,"href":"https:\/\/sacramentoqr.com\/index.php?rest_route=\/wp\/v2\/posts\/23037\/revisions"}],"predecessor-version":[{"id":23038,"href":"https:\/\/sacramentoqr.com\/index.php?rest_route=\/wp\/v2\/posts\/23037\/revisions\/23038"}],"wp:featuredmedia":[{"embeddable":true,"href":"https:\/\/sacramentoqr.com\/index.php?rest_route=\/wp\/v2\/media\/23039"}],"wp:attachment":[{"href":"https:\/\/sacramentoqr.com\/index.php?rest_route=%2Fwp%2Fv2%2Fmedia&parent=23037"}],"wp:term":[{"taxonomy":"category","embeddable":true,"href":"https:\/\/sacramentoqr.com\/index.php?rest_route=%2Fwp%2Fv2%2Fcategories&post=23037"},{"taxonomy":"post_tag","embeddable":true,"href":"https:\/\/sacramentoqr.com\/index.php?rest_route=%2Fwp%2Fv2%2Ftags&post=23037"}],"curies":[{"name":"wp","href":"https:\/\/api.w.org\/{rel}","templated":true}]}}