{"id":23046,"date":"2024-06-03T11:45:21","date_gmt":"2024-06-03T16:45:21","guid":{"rendered":"https:\/\/sacramentoqr.com\/?p=23046"},"modified":"2024-06-03T16:45:23","modified_gmt":"2024-06-03T16:45:23","slug":"cuando-entregue-la-banda-presidencial-a-claudia-sheinbaum-podre-decir-mision-cumplida-amlo","status":"publish","type":"post","link":"https:\/\/sacramentoqr.com\/?p=23046","title":{"rendered":"Cuando entregue la banda presidencial a Claudia Sheinbaum podr\u00e9 decir \u201cmisi\u00f3n cumplida\u201d: AMLO"},"content":{"rendered":"<p>El presidente Andr\u00e9s Manuel L\u00f3pez Obrador adelant\u00f3 que cuando le entregue la banda presidencial a Claudia Sheinbaum, presidenta electa, podr\u00e1 decir \u201cmisi\u00f3n cumplida\u201d y se retirar\u00e1 de la vida p\u00fablica y pol\u00edtica del pa\u00eds.<\/p>\n<p>En conferencia de prensa, al celebrar el triunfo del pueblo en las elecciones del pasado domingo y la victoria electoral de la aspirante presidencial de Morena, PR y PVEM, el Jefe del Ejecutivo dijo que ayer en la noche felicit\u00f3 a su sucesora.<\/p>\n<p>\u201cYa hablamos ayer, la felicit\u00e9 estoy muy contento, imag\u00ednese lo que significa entregar la Presidencia a una mujer luego de 200 a\u00f1os que s\u00f3lo gobernaron M\u00e9xico hombres, desde Guadalupe Victoria que fue presidente 1824 al 28, desde entonces hasta 2024\u201d.<br \/>\nPlay Video<\/p>\n<p>El Mandatario destac\u00f3 que Sheinbaum es la candidata m\u00e1s votada en la historia de M\u00e9xico, lo que calific\u00f3 como hist\u00f3rico.<\/p>\n<p>\u201cAdem\u00e1s una mujer inteligente, muy inteligente tanto por su sensibilidad, como por sus grados acad\u00e9micos es doctora, tiene nivel de doctorado, es una mujer con convicciones, que se form\u00f3 en la lucha estudiantil y en la lucha por la democracia en M\u00e9xico, es una mujer con mucha experiencia en el arte de gobernar, porque ya ha tenido cargos, fue Jefa de Gobierno de la Ciudad de M\u00e9xico entre otros cargos y sobre todo una mujer honesta, que eso es important\u00edsimo, es realmente un hecho hist\u00f3rico, estamos en un momento glorioso, me siento muy contento\u201d.<\/p>\n<p>El presidente L\u00f3pez Obrador reiter\u00f3 que no har\u00e1 gira del adi\u00f3s y que en septiembre visitar\u00e1 los estados del pa\u00eds izar bandera blanca al poner en marcha el nuevo sistema de Salud IMSS-BIENESTAR.<\/p>\n<p>AMLO celebra que Rogelio Ram\u00edrez de la O se mantenga en Hacienda<br \/>\nEl presidente Andr\u00e9s Manuel L\u00f3pez Obrador celebr\u00f3 que el secretario de Hacienda Rogelio Ram\u00edrez de la O se mantenga, por un tiempo, en el cargo dentro del futuro gabinete de la pr\u00f3xima presidenta, Claudia Sheinbaum.<\/p>\n<p>\u201cCelebro que haya decidido (Sheinbaum) invitar por un tiempo a Regelio Ram\u00edrez de la O que se quede, porque se tiene que presentar el presupuesto del a\u00f1o pr\u00f3ximo\u201d.<\/p>\n<p>El Mandatario dijo que el titular de Hacienda es un servidor p\u00fablico ejemplar, un hombre con mucho prestigio en el sector financiero que da mucha tranquilidad en lo econ\u00f3mico.<\/p>\n<p>\u201cEsto va a permitir facilitar la transici\u00f3n, no se avisar\u00e1 una crisis, por el contrario se va a fortalecer m\u00e1s la econom\u00eda de M\u00e9xico\u201d, destac\u00f3.<\/p>\n","protected":false},"excerpt":{"rendered":"<p>El presidente Andr\u00e9s Manuel L\u00f3pez Obrador adelant\u00f3 que cuando le entregue la banda presidencial a&#8230;<\/p>\n","protected":false},"author":1,"featured_media":23048,"comment_status":"open","ping_status":"closed","sticky":false,"template":"","format":"standard","meta":{"footnotes":""},"categories":[7],"tags":[],"class_list":["post-23046","post","type-post","status-publish","format-standard","has-post-thumbnail","hentry","category-nacional"],"_links":{"self":[{"href":"https:\/\/sacramentoqr.com\/index.php?rest_route=\/wp\/v2\/posts\/23046","targetHints":{"allow":["GET"]}}],"collection":[{"href":"https:\/\/sacramentoqr.com\/index.php?rest_route=\/wp\/v2\/posts"}],"about":[{"href":"https:\/\/sacramentoqr.com\/index.php?rest_route=\/wp\/v2\/types\/post"}],"author":[{"embeddable":true,"href":"https:\/\/sacramentoqr.com\/index.php?rest_route=\/wp\/v2\/users\/1"}],"replies":[{"embeddable":true,"href":"https:\/\/sacramentoqr.com\/index.php?rest_route=%2Fwp%2Fv2%2Fcomments&post=23046"}],"version-history":[{"count":1,"href":"https:\/\/sacramentoqr.com\/index.php?rest_route=\/wp\/v2\/posts\/23046\/revisions"}],"predecessor-version":[{"id":23047,"href":"https:\/\/sacramentoqr.com\/index.php?rest_route=\/wp\/v2\/posts\/23046\/revisions\/23047"}],"wp:featuredmedia":[{"embeddable":true,"href":"https:\/\/sacramentoqr.com\/index.php?rest_route=\/wp\/v2\/media\/23048"}],"wp:attachment":[{"href":"https:\/\/sacramentoqr.com\/index.php?rest_route=%2Fwp%2Fv2%2Fmedia&parent=23046"}],"wp:term":[{"taxonomy":"category","embeddable":true,"href":"https:\/\/sacramentoqr.com\/index.php?rest_route=%2Fwp%2Fv2%2Fcategories&post=23046"},{"taxonomy":"post_tag","embeddable":true,"href":"https:\/\/sacramentoqr.com\/index.php?rest_route=%2Fwp%2Fv2%2Ftags&post=23046"}],"curies":[{"name":"wp","href":"https:\/\/api.w.org\/{rel}","templated":true}]}}