{"id":23049,"date":"2024-06-03T11:46:58","date_gmt":"2024-06-03T16:46:58","guid":{"rendered":"https:\/\/sacramentoqr.com\/?p=23049"},"modified":"2024-06-03T16:46:59","modified_gmt":"2024-06-03T16:46:59","slug":"biden-felicita-a-sheinbaum-y-desea-trabajar-estrechamente-con-su-gobierno","status":"publish","type":"post","link":"https:\/\/sacramentoqr.com\/?p=23049","title":{"rendered":"Biden felicita a Sheinbaum y desea trabajar estrechamente con su Gobierno"},"content":{"rendered":"<p>El presidente de Estados Unidos, Joe Biden, felicit\u00f3 a Claudia Sheinbaum por su elecci\u00f3n como primera mujer que gobernar\u00e1 M\u00e9xico, y le reiter\u00f3 el compromiso de promover juntos el inter\u00e9s de ambas naciones.<\/p>\n<p>\u201cExpres\u00e9 nuestro compromiso de promover los valores e intereses de ambas naciones en beneficio de nuestros pueblos\u201d, apunt\u00f3 Biden en un comunicado, horas despu\u00e9s de conocerse los resultados preliminares que dan como contundente ganadora a la candidata del partido oficialista del presidente Andr\u00e9s Manuel L\u00f3pez Obrador.<\/p>\n<p>El mandatario estadounidense felicit\u00f3 a Sheinbaum por su \u201chist\u00f3rica\u201d elecci\u00f3n como la primera mujer presidenta de M\u00e9xico.<\/p>\n<p>La aspirante del gobernante Movimiento Regeneraci\u00f3n Nacional (Morena), del Partido del Trabajo (PT) y del Partido Verde Ecologista de M\u00e9xico (PVEM), obtuvo entre 58.3 y 60.7 por ciento de los votos en las elecciones del domingo, seg\u00fan el conteo r\u00e1pido del Instituto Nacional Electoral (INE).<\/p>\n<p>Detr\u00e1s de ella quedaron, con un rango de entre 26.6 y 28.6 por ciento de los apoyos, su principal rival, la opositora X\u00f3chitl G\u00e1lvez, y el abanderado del tambi\u00e9n opositor Movimiento Ciudadano (MC), Jorge \u00c1lvarez M\u00e1ynez, que recibi\u00f3 entre el 9.9 y el 10.8 por ciento de los sufragios.<\/p>\n<p>\u201cEspero trabajar estrechamente con la presidenta electa Sheinbaum en un esp\u00edritu de asociaci\u00f3n y amistad que refleja los v\u00ednculos duraderos entre nuestros dos pa\u00edses\u201d, afirm\u00f3 Biden.<\/p>\n<p>A las felicitaciones se sum\u00f3 el secretario de Estado de EE.UU., Antony Blinken, quien en otro comunicado reiter\u00f3 el compromiso de \u201ctrabajar junto con M\u00e9xico como vecinos, amigos y socios\u201d para promover los intereses econ\u00f3micos y de seguridad mutuos.<\/p>\n<p>\u201cValoramos profundamente nuestra relaci\u00f3n especial con M\u00e9xico, que se basa en valores democr\u00e1ticos compartidos, profundos v\u00ednculos econ\u00f3micos y fuertes conexiones culturales y familiares\u201d, afirm\u00f3.<\/p>\n<p>Sheinbaum, que tomar\u00e1 posesi\u00f3n de su cargo el pr\u00f3ximo 1 de octubre, era la favorita y tras cumplirse los pron\u00f3sticos se espera bastante continuidad en la relaci\u00f3n de M\u00e9xico con Estados Unidos, pa\u00edses que comparten la frontera m\u00e1s larga y transitada del mundo, adem\u00e1s de dos econom\u00edas fuertemente entrelazadas.<\/p>\n<p>Sin embargo, un mes despu\u00e9s de su toma de posesi\u00f3n, Estados Unidos celebrar\u00e1 sus elecciones presidenciales, en las que Biden aspira a la reelecci\u00f3n y competir\u00e1 contra el expresidente Donald Trump (2017-2021).<\/p>\n<p>El precandidato republicano parte como favorito y su victoria podr\u00eda suponer un giro abrupto a las relaciones entre ambos pa\u00edses, ya que presumiblemente revivir\u00edan planes como levantar un muro entre las dos fronteras y expulsar a todos los ciudadanos mexicanos sin estatus para residir legalmente en Estados Unidos.<\/p>\n","protected":false},"excerpt":{"rendered":"<p>El presidente de Estados Unidos, Joe Biden, felicit\u00f3 a Claudia Sheinbaum por su elecci\u00f3n como&#8230;<\/p>\n","protected":false},"author":1,"featured_media":23051,"comment_status":"open","ping_status":"closed","sticky":false,"template":"","format":"standard","meta":{"footnotes":""},"categories":[5],"tags":[],"class_list":["post-23049","post","type-post","status-publish","format-standard","has-post-thumbnail","hentry","category-internacional"],"_links":{"self":[{"href":"https:\/\/sacramentoqr.com\/index.php?rest_route=\/wp\/v2\/posts\/23049","targetHints":{"allow":["GET"]}}],"collection":[{"href":"https:\/\/sacramentoqr.com\/index.php?rest_route=\/wp\/v2\/posts"}],"about":[{"href":"https:\/\/sacramentoqr.com\/index.php?rest_route=\/wp\/v2\/types\/post"}],"author":[{"embeddable":true,"href":"https:\/\/sacramentoqr.com\/index.php?rest_route=\/wp\/v2\/users\/1"}],"replies":[{"embeddable":true,"href":"https:\/\/sacramentoqr.com\/index.php?rest_route=%2Fwp%2Fv2%2Fcomments&post=23049"}],"version-history":[{"count":1,"href":"https:\/\/sacramentoqr.com\/index.php?rest_route=\/wp\/v2\/posts\/23049\/revisions"}],"predecessor-version":[{"id":23050,"href":"https:\/\/sacramentoqr.com\/index.php?rest_route=\/wp\/v2\/posts\/23049\/revisions\/23050"}],"wp:featuredmedia":[{"embeddable":true,"href":"https:\/\/sacramentoqr.com\/index.php?rest_route=\/wp\/v2\/media\/23051"}],"wp:attachment":[{"href":"https:\/\/sacramentoqr.com\/index.php?rest_route=%2Fwp%2Fv2%2Fmedia&parent=23049"}],"wp:term":[{"taxonomy":"category","embeddable":true,"href":"https:\/\/sacramentoqr.com\/index.php?rest_route=%2Fwp%2Fv2%2Fcategories&post=23049"},{"taxonomy":"post_tag","embeddable":true,"href":"https:\/\/sacramentoqr.com\/index.php?rest_route=%2Fwp%2Fv2%2Ftags&post=23049"}],"curies":[{"name":"wp","href":"https:\/\/api.w.org\/{rel}","templated":true}]}}