{"id":23097,"date":"2024-06-06T09:29:22","date_gmt":"2024-06-06T14:29:22","guid":{"rendered":"https:\/\/sacramentoqr.com\/?p=23097"},"modified":"2024-06-06T14:29:23","modified_gmt":"2024-06-06T14:29:23","slug":"omar-govea-sera-el-segundo-refuerzo-de-chivas-de-cara-al-torneo-apertura-2024","status":"publish","type":"post","link":"https:\/\/sacramentoqr.com\/?p=23097","title":{"rendered":"Omar Govea ser\u00e1 el segundo refuerzo de Chivas de cara al Torneo Apertura 2024"},"content":{"rendered":"<p>El mediocampista de Rayados de 28 a\u00f1os, Omar Govea se convertir\u00e1 en el segundo refuerzo de Chivas de cara al Torneo Apertura 2024.<\/p>\n<p>La directiva del Guadalajara y de Monterrey se encuentran ajustando algunos t\u00e9rminos del traspaso del futbolista, quien llegar\u00eda a Chivas adquirido en su totalidad por la escuadra Rojiblanca.<\/p>\n<p>Omar Govea reforzar\u00eda el mediocampo del Guadalajara, algo que tanto la directiva de Chivas y Fernando Gago ya ven\u00edan buscando esto con la finalidad de generar mayor competencia interna en el equipo.<\/p>\n<p>Ser\u00e1 en las pr\u00f3ximas horas, cuando se formalice el traspaso y de superar los ex\u00e1menes m\u00e9dicos, ser\u00eda anunciado de manera oficial, como el segundo refuerzo del conjunto Rojiblanco.<\/p>\n","protected":false},"excerpt":{"rendered":"<p>El mediocampista de Rayados de 28 a\u00f1os, Omar Govea se convertir\u00e1 en el segundo refuerzo&#8230;<\/p>\n","protected":false},"author":1,"featured_media":23099,"comment_status":"open","ping_status":"closed","sticky":false,"template":"","format":"standard","meta":{"footnotes":""},"categories":[3],"tags":[],"class_list":["post-23097","post","type-post","status-publish","format-standard","has-post-thumbnail","hentry","category-deportes"],"_links":{"self":[{"href":"https:\/\/sacramentoqr.com\/index.php?rest_route=\/wp\/v2\/posts\/23097","targetHints":{"allow":["GET"]}}],"collection":[{"href":"https:\/\/sacramentoqr.com\/index.php?rest_route=\/wp\/v2\/posts"}],"about":[{"href":"https:\/\/sacramentoqr.com\/index.php?rest_route=\/wp\/v2\/types\/post"}],"author":[{"embeddable":true,"href":"https:\/\/sacramentoqr.com\/index.php?rest_route=\/wp\/v2\/users\/1"}],"replies":[{"embeddable":true,"href":"https:\/\/sacramentoqr.com\/index.php?rest_route=%2Fwp%2Fv2%2Fcomments&post=23097"}],"version-history":[{"count":1,"href":"https:\/\/sacramentoqr.com\/index.php?rest_route=\/wp\/v2\/posts\/23097\/revisions"}],"predecessor-version":[{"id":23098,"href":"https:\/\/sacramentoqr.com\/index.php?rest_route=\/wp\/v2\/posts\/23097\/revisions\/23098"}],"wp:featuredmedia":[{"embeddable":true,"href":"https:\/\/sacramentoqr.com\/index.php?rest_route=\/wp\/v2\/media\/23099"}],"wp:attachment":[{"href":"https:\/\/sacramentoqr.com\/index.php?rest_route=%2Fwp%2Fv2%2Fmedia&parent=23097"}],"wp:term":[{"taxonomy":"category","embeddable":true,"href":"https:\/\/sacramentoqr.com\/index.php?rest_route=%2Fwp%2Fv2%2Fcategories&post=23097"},{"taxonomy":"post_tag","embeddable":true,"href":"https:\/\/sacramentoqr.com\/index.php?rest_route=%2Fwp%2Fv2%2Ftags&post=23097"}],"curies":[{"name":"wp","href":"https:\/\/api.w.org\/{rel}","templated":true}]}}