{"id":23124,"date":"2024-06-08T16:33:46","date_gmt":"2024-06-08T21:33:46","guid":{"rendered":"https:\/\/sacramentoqr.com\/?p=23124"},"modified":"2024-06-08T21:33:47","modified_gmt":"2024-06-08T21:33:47","slug":"salma-hayek-queda-atrapada-entre-las-olas-en-el-dia-mundial-de-los-oceanos","status":"publish","type":"post","link":"https:\/\/sacramentoqr.com\/?p=23124","title":{"rendered":"Salma Hayek queda atrapada entre las olas en el D\u00eda Mundial de los Oc\u00e9anos"},"content":{"rendered":"<p>Con toda la intensi\u00f3n de celebrar este s\u00e1bado el D\u00eda Mundial de los Oc\u00e9anos, Salma Hayek quiso grabar un video donde mostrara toda la belleza el mar, pero la marea la traicion\u00f3.<\/p>\n<p>En un video que la misma actriz subi\u00f3 a sus redes, se puede ver que las olas comenzaron a llegar cada vez m\u00e1s fuerte, lo que dificult\u00f3 que la mexicana pudiera posar y lograr una toma perfecta.<\/p>\n<p>Salma Hayek, como en el revolcadero<br \/>\nLa tambi\u00e9n productora buscaba salirse del agua pero la marea no se lo permit\u00eda y le lanzaba ola tras ola que le pegaban en todo el cuerpo y la tiraban, como si estuviera en el revolcadero.<\/p>\n<p>Su acompa\u00f1ante en lugar de ayudarla, la segu\u00eda grabando hasta que Salmita logra recuperar el equilibrio para ponerse a salvo.<\/p>\n<p>Hayek no explic\u00f3 en qu\u00e9 lugar se encontraba, pero al menos la estaba pasando bien y refresc\u00e1ndose del tremendo calor que hace. Y a pesar de su incidente, sus amigas le aplaudieron lo hermosa que se ve\u00eda en el oc\u00e9ano.<\/p>\n<p>&nbsp;<\/p>\n","protected":false},"excerpt":{"rendered":"<p>Con toda la intensi\u00f3n de celebrar este s\u00e1bado el D\u00eda Mundial de los Oc\u00e9anos, Salma&#8230;<\/p>\n","protected":false},"author":1,"featured_media":23126,"comment_status":"open","ping_status":"closed","sticky":false,"template":"","format":"standard","meta":{"footnotes":""},"categories":[4],"tags":[],"class_list":["post-23124","post","type-post","status-publish","format-standard","has-post-thumbnail","hentry","category-espectaculos"],"_links":{"self":[{"href":"https:\/\/sacramentoqr.com\/index.php?rest_route=\/wp\/v2\/posts\/23124","targetHints":{"allow":["GET"]}}],"collection":[{"href":"https:\/\/sacramentoqr.com\/index.php?rest_route=\/wp\/v2\/posts"}],"about":[{"href":"https:\/\/sacramentoqr.com\/index.php?rest_route=\/wp\/v2\/types\/post"}],"author":[{"embeddable":true,"href":"https:\/\/sacramentoqr.com\/index.php?rest_route=\/wp\/v2\/users\/1"}],"replies":[{"embeddable":true,"href":"https:\/\/sacramentoqr.com\/index.php?rest_route=%2Fwp%2Fv2%2Fcomments&post=23124"}],"version-history":[{"count":1,"href":"https:\/\/sacramentoqr.com\/index.php?rest_route=\/wp\/v2\/posts\/23124\/revisions"}],"predecessor-version":[{"id":23125,"href":"https:\/\/sacramentoqr.com\/index.php?rest_route=\/wp\/v2\/posts\/23124\/revisions\/23125"}],"wp:featuredmedia":[{"embeddable":true,"href":"https:\/\/sacramentoqr.com\/index.php?rest_route=\/wp\/v2\/media\/23126"}],"wp:attachment":[{"href":"https:\/\/sacramentoqr.com\/index.php?rest_route=%2Fwp%2Fv2%2Fmedia&parent=23124"}],"wp:term":[{"taxonomy":"category","embeddable":true,"href":"https:\/\/sacramentoqr.com\/index.php?rest_route=%2Fwp%2Fv2%2Fcategories&post=23124"},{"taxonomy":"post_tag","embeddable":true,"href":"https:\/\/sacramentoqr.com\/index.php?rest_route=%2Fwp%2Fv2%2Ftags&post=23124"}],"curies":[{"name":"wp","href":"https:\/\/api.w.org\/{rel}","templated":true}]}}