{"id":23130,"date":"2024-06-08T16:38:17","date_gmt":"2024-06-08T21:38:17","guid":{"rendered":"https:\/\/sacramentoqr.com\/?p=23130"},"modified":"2024-06-08T21:38:18","modified_gmt":"2024-06-08T21:38:18","slug":"papa-francisco-lamenta-que-un-bien-comun-como-el-agua-se-use-para-la-explotacion-o-extorsion","status":"publish","type":"post","link":"https:\/\/sacramentoqr.com\/?p=23130","title":{"rendered":"Papa Francisco lamenta que un bien com\u00fan como el agua se use para la explotaci\u00f3n o extorsi\u00f3n"},"content":{"rendered":"<p>El papa Francisco lamenta que el agua, recurso \u201cnecesario para la vida del hombre\u201d, se convierta en \u201cobjeto de explotaci\u00f3n\u201d y se use para la especulaci\u00f3n o la extorsi\u00f3n, en un mensaje a los participantes del evento sobre la acci\u00f3n oce\u00e1nica \u2018Inmersos en el cambio\u2019 que se celebra estos d\u00edas en Costa Rica.<\/p>\n<p>\u201cEl agua es necesaria para la vida del hombre, ning\u00fan progreso, ni siquiera social, puede subsistir sin ella\u201d, asegura Francisco, que considera \u201clamentable\u201d de constatar que el agua sea use como \u201cobjeto de explotaci\u00f3n\u201d, en su mensaje dirigido inicialmente al embajador de Costa Rica ante la Santa Sede, Federico Zamora Cordero, para que lo transmitiera a los participantes del encuentro.<\/p>\n<p>\u201cUltrajamos aquello que realiza un trabajo humilde y silencioso para el bien com\u00fan\u201c, y \u201cen vez de considerar precioso este regalo de Dios, lo convertimos en moneda de cambio, en motivo de especulaci\u00f3n e, incluso, veh\u00edculo para la extorsi\u00f3n\u201d, remarca Francisco, que cree \u201cnecesario\u201d que haya \u201cun cambio radical\u201d.<\/p>\n<p>Tambi\u00e9n insta a valorar la \u201cutilidad com\u00fan\u201d del agua en el \u00e1mbito de la seguridad alimentaria, as\u00ed como \u201csu trabajo humilde en la regulaci\u00f3n del clima.<\/p>\n<p>El evento internacional de acci\u00f3n oce\u00e1nica \u2018Inmersos en el Cambio\u2019 se celebra entre ayer viernes y este s\u00e1bado con llamados a proteger los oc\u00e9anos y a la acci\u00f3n entre pa\u00edses para impulsar iniciativas que garanticen la sostenibilidad y evitar la contaminaci\u00f3n.<\/p>\n<p>El encuentro, organizado por Costa Rica como acto preparatorio a la Tercera Conferencia de las Naciones Unidas sobre el Oc\u00e9ano de 2025 (UNOC2025) que se celebrar\u00e1 en Francia, re\u00fane a expertos, cient\u00edficos, acad\u00e9micos, representantes de la sociedad civil, organismos internacionales y altos funcionarios de unos 50 pa\u00edses.<\/p>\n","protected":false},"excerpt":{"rendered":"<p>El papa Francisco lamenta que el agua, recurso \u201cnecesario para la vida del hombre\u201d, se&#8230;<\/p>\n","protected":false},"author":1,"featured_media":23132,"comment_status":"open","ping_status":"closed","sticky":false,"template":"","format":"standard","meta":{"footnotes":""},"categories":[5],"tags":[],"class_list":["post-23130","post","type-post","status-publish","format-standard","has-post-thumbnail","hentry","category-internacional"],"_links":{"self":[{"href":"https:\/\/sacramentoqr.com\/index.php?rest_route=\/wp\/v2\/posts\/23130","targetHints":{"allow":["GET"]}}],"collection":[{"href":"https:\/\/sacramentoqr.com\/index.php?rest_route=\/wp\/v2\/posts"}],"about":[{"href":"https:\/\/sacramentoqr.com\/index.php?rest_route=\/wp\/v2\/types\/post"}],"author":[{"embeddable":true,"href":"https:\/\/sacramentoqr.com\/index.php?rest_route=\/wp\/v2\/users\/1"}],"replies":[{"embeddable":true,"href":"https:\/\/sacramentoqr.com\/index.php?rest_route=%2Fwp%2Fv2%2Fcomments&post=23130"}],"version-history":[{"count":1,"href":"https:\/\/sacramentoqr.com\/index.php?rest_route=\/wp\/v2\/posts\/23130\/revisions"}],"predecessor-version":[{"id":23131,"href":"https:\/\/sacramentoqr.com\/index.php?rest_route=\/wp\/v2\/posts\/23130\/revisions\/23131"}],"wp:featuredmedia":[{"embeddable":true,"href":"https:\/\/sacramentoqr.com\/index.php?rest_route=\/wp\/v2\/media\/23132"}],"wp:attachment":[{"href":"https:\/\/sacramentoqr.com\/index.php?rest_route=%2Fwp%2Fv2%2Fmedia&parent=23130"}],"wp:term":[{"taxonomy":"category","embeddable":true,"href":"https:\/\/sacramentoqr.com\/index.php?rest_route=%2Fwp%2Fv2%2Fcategories&post=23130"},{"taxonomy":"post_tag","embeddable":true,"href":"https:\/\/sacramentoqr.com\/index.php?rest_route=%2Fwp%2Fv2%2Ftags&post=23130"}],"curies":[{"name":"wp","href":"https:\/\/api.w.org\/{rel}","templated":true}]}}