{"id":23139,"date":"2024-06-09T01:10:13","date_gmt":"2024-06-09T06:10:13","guid":{"rendered":"https:\/\/sacramentoqr.com\/?p=23139"},"modified":"2024-06-10T06:12:14","modified_gmt":"2024-06-10T06:12:14","slug":"caso-lebaron-vinculan-a-proceso-a-el-g3-presunto-integrante-de-la-linea","status":"publish","type":"post","link":"https:\/\/sacramentoqr.com\/?p=23139","title":{"rendered":"Caso LeBar\u00f3n: Vinculan a proceso a \u201cEl G3\u201d, presunto integrante de &#8216;La L\u00ednea"},"content":{"rendered":"<p>Un Juez vincul\u00f3 a proceso a Gildardo Palominos Nieblas alias \u201cEl G3\u201d, integrante del grupo delictivo \u00abLa l\u00ednea\u00bb y relacionado con el asesinato de nueve integrantes de la familia LeBar\u00f3n el 4 de noviembre de 2019 en Bavispe, Sonora.<\/p>\n<p>Palominos fue vinculado por su presunta responsabilidad en el delito de portaci\u00f3n de arma de fuego de uso exclusivo del Ej\u00e9rcito, Armada y Fuerza A\u00e9rea.<\/p>\n<p>Elementos de la Guardia Nacional (GN), detuvieron en julio de 2020 a \u201cEl G3\u201d en las instalaciones del Registro Civil en Nuevo Casas Grandes, Chihuahua, y le aseguraron un arma de fuego abastecida con 12 cartuchos, 14 mil 620 pesos, una navaja y otras pertenencias.<\/p>\n<p>Esto luego que el Ministerio P\u00fablico de la Federaci\u00f3n (MPF), aport\u00f3 los datos de prueba suficientes, el Juez de Control Especializado en el Sistema Penal Acusatorio del Centro de Justicia Penal Federal con residencia en Almoloya de Ju\u00e1rez, Estado de M\u00e9xico, le impuso la vinculaci\u00f3n a proceso y la prisi\u00f3n preventiva en el Centro de Readaptaci\u00f3n Social n\u00famero 1 Altiplano.<\/p>\n<p>As\u00ed como dos meses de plazo para la investigaci\u00f3n complementaria<\/p>\n","protected":false},"excerpt":{"rendered":"<p>Un Juez vincul\u00f3 a proceso a Gildardo Palominos Nieblas alias \u201cEl G3\u201d, integrante del grupo&#8230;<\/p>\n","protected":false},"author":1,"featured_media":23141,"comment_status":"open","ping_status":"closed","sticky":false,"template":"","format":"standard","meta":{"footnotes":""},"categories":[7],"tags":[],"class_list":["post-23139","post","type-post","status-publish","format-standard","has-post-thumbnail","hentry","category-nacional"],"_links":{"self":[{"href":"https:\/\/sacramentoqr.com\/index.php?rest_route=\/wp\/v2\/posts\/23139","targetHints":{"allow":["GET"]}}],"collection":[{"href":"https:\/\/sacramentoqr.com\/index.php?rest_route=\/wp\/v2\/posts"}],"about":[{"href":"https:\/\/sacramentoqr.com\/index.php?rest_route=\/wp\/v2\/types\/post"}],"author":[{"embeddable":true,"href":"https:\/\/sacramentoqr.com\/index.php?rest_route=\/wp\/v2\/users\/1"}],"replies":[{"embeddable":true,"href":"https:\/\/sacramentoqr.com\/index.php?rest_route=%2Fwp%2Fv2%2Fcomments&post=23139"}],"version-history":[{"count":1,"href":"https:\/\/sacramentoqr.com\/index.php?rest_route=\/wp\/v2\/posts\/23139\/revisions"}],"predecessor-version":[{"id":23140,"href":"https:\/\/sacramentoqr.com\/index.php?rest_route=\/wp\/v2\/posts\/23139\/revisions\/23140"}],"wp:featuredmedia":[{"embeddable":true,"href":"https:\/\/sacramentoqr.com\/index.php?rest_route=\/wp\/v2\/media\/23141"}],"wp:attachment":[{"href":"https:\/\/sacramentoqr.com\/index.php?rest_route=%2Fwp%2Fv2%2Fmedia&parent=23139"}],"wp:term":[{"taxonomy":"category","embeddable":true,"href":"https:\/\/sacramentoqr.com\/index.php?rest_route=%2Fwp%2Fv2%2Fcategories&post=23139"},{"taxonomy":"post_tag","embeddable":true,"href":"https:\/\/sacramentoqr.com\/index.php?rest_route=%2Fwp%2Fv2%2Ftags&post=23139"}],"curies":[{"name":"wp","href":"https:\/\/api.w.org\/{rel}","templated":true}]}}