{"id":23148,"date":"2024-06-10T10:35:32","date_gmt":"2024-06-10T15:35:32","guid":{"rendered":"https:\/\/sacramentoqr.com\/?p=23148"},"modified":"2024-06-10T15:35:33","modified_gmt":"2024-06-10T15:35:33","slug":"geraldine-bazan-comparte-foto-con-gabriel-soto-por-la-primera-comunion-de-su-hija-menor","status":"publish","type":"post","link":"https:\/\/sacramentoqr.com\/?p=23148","title":{"rendered":"Geraldine Baz\u00e1n comparte foto con Gabriel Soto, por la primera comuni\u00f3n de su hija menor"},"content":{"rendered":"<p>Este s\u00e1bado se celebr\u00f3 la primera comuni\u00f3n de Alexa Miranda, la hija menor de Geraldine Baz\u00e1n y Gabriel Soto, por lo que la peque\u00f1a de 10 a\u00f1os cont\u00f3 con la presencia de sus progenitores que, tal parece, ya llevan una mejor relaci\u00f3n de coparentalidad, pues posaron juntos en una foto familiar muy emotiva que demuestra que, a pesar de las diferencias del pasado, el amor por sus hijas es mayor.<\/p>\n<p>Ni los problemas que acabaron con su matrimonio fue m\u00e1s fuerte que el amor que Baz\u00e1n y Soto sienten por su hija que, este s\u00e1bado 8 de junio, celebr\u00f3 su primera comuni\u00f3n en compa\u00f1\u00eda de toda su familia y, cuando nos referimos a toda, es a toda, pues la ceremonia cat\u00f3lica reuni\u00f3 p\u00fablicamente a la expareja que, por a\u00f1os, hab\u00eda demostrado que su relaci\u00f3n no hab\u00eda acabado en los mejores t\u00e9rminos.<\/p>\n<p>Esto a ra\u00edz de que Geraldine asegurara que su ex le hab\u00eda sido infiel, cuando todav\u00eda estaban juntos, con la actriz Irina Baeva; esto llev\u00f3 a que las tres partes estuvieran involucradas en m\u00faltiples pol\u00e9micas, impulsadas por la prensa, que al d\u00eda de hoy siguen persigui\u00e9ndonos.<\/p>\n<p>Pero todo ese caos qued\u00f3 atr\u00e1s o, al menos eso es lo que sugieren las fotograf\u00edas que la actriz comparti\u00f3 ayer, en sus redes sociales, en donde celebr\u00f3 que su hija menor recibiera el sacramento de la comuni\u00f3n por vez primera.<\/p>\n<p>Alexa Miranda, hija de Geraldine Baz\u00e1n, mientras recib\u00eda la comuni\u00f3n. Foto: Instagram<br \/>\n\u00abMiranda recibi\u00f3 su primera comuni\u00f3n, \u00a1no podr\u00edamos amarla m\u00e1s!\u00bb, escribi\u00f3 Baz\u00e1n en su cuenta de Instagram, en una publicaci\u00f3n acompa\u00f1ada de varias fotograf\u00edas del evento religioso.<\/p>\n<p>La madrina de la peque\u00f1a fue Jacky Castro, directora ejecutiva de contenidos y producci\u00f3n de Sony Pictures, en Latinoam\u00e9rica, mientras que el padrino fue el hermano menor de la actriz, \u00c1ngel Claude Baz\u00e1n.<\/p>\n<p>Alexa Miranda y su padrino, hermano de Geraldine Baz\u00e1n, en la primera comuni\u00f3n de la menor. Foto :Instagram<br \/>\nEn algunos otros instantes compartidos por Geraldine, se puede ver a Alexa Miranda abrazada de su hermana mayor, Elisa Marie, con quien sostiene una relaci\u00f3n muy cercana, como atestiguan continuamente en sus redes sociales.<\/p>\n<p>Miranda, de 10 a\u00f1os, us\u00f3 un vestido cl\u00e1sico de sat\u00e9n para primera comuni\u00f3n, de color blanco, que hac\u00eda juego al esmalte de u\u00f1as que utiliz\u00f3; su cabello lo llev\u00f3 en medio cola, con ligeras ondulaciones en algunos de mechones.<\/p>\n<p>Aunque, luego de salir de la iglesia, se cambi\u00f3 y utiliz\u00f3 un vestido de tirantes, color rosado; la menor mostr\u00f3 su destreza para usar zapatos de tac\u00f3n, pues Geraldine -muy orgullosa- comparti\u00f3 un video donde Miranda presume el outfit que su durante el brunch que organizaron para festejar el gran momento.<\/p>\n<p>A su vez, Geraldine us\u00f3 un vestido blanco con encaje floreado y Gabriel us\u00f3 camina y pantalones de vestir del mismo color.<\/p>\n<p>En las fotograf\u00edas que la actriz comparti\u00f3, puede verse una relaci\u00f3n muy cordial con Soto, que hasta en una de las instant\u00e1neas parece fijando la mirada en Geraldine, con una sonrisa enmarcando su rostro.<\/p>\n<p>Sin embargo, el actor no ha compartido ninguna de las fotos de la primera comuni\u00f3n en sus redes sociales, pero s\u00ed se tom\u00f3 el tiempo para publicar una historia en la que promociona la obra en que aparece actualmente; \u00abEl precio de la fama\u00bb.<\/p>\n","protected":false},"excerpt":{"rendered":"<p>Este s\u00e1bado se celebr\u00f3 la primera comuni\u00f3n de Alexa Miranda, la hija menor de Geraldine&#8230;<\/p>\n","protected":false},"author":1,"featured_media":23150,"comment_status":"open","ping_status":"closed","sticky":false,"template":"","format":"standard","meta":{"footnotes":""},"categories":[4],"tags":[],"class_list":["post-23148","post","type-post","status-publish","format-standard","has-post-thumbnail","hentry","category-espectaculos"],"_links":{"self":[{"href":"https:\/\/sacramentoqr.com\/index.php?rest_route=\/wp\/v2\/posts\/23148","targetHints":{"allow":["GET"]}}],"collection":[{"href":"https:\/\/sacramentoqr.com\/index.php?rest_route=\/wp\/v2\/posts"}],"about":[{"href":"https:\/\/sacramentoqr.com\/index.php?rest_route=\/wp\/v2\/types\/post"}],"author":[{"embeddable":true,"href":"https:\/\/sacramentoqr.com\/index.php?rest_route=\/wp\/v2\/users\/1"}],"replies":[{"embeddable":true,"href":"https:\/\/sacramentoqr.com\/index.php?rest_route=%2Fwp%2Fv2%2Fcomments&post=23148"}],"version-history":[{"count":1,"href":"https:\/\/sacramentoqr.com\/index.php?rest_route=\/wp\/v2\/posts\/23148\/revisions"}],"predecessor-version":[{"id":23149,"href":"https:\/\/sacramentoqr.com\/index.php?rest_route=\/wp\/v2\/posts\/23148\/revisions\/23149"}],"wp:featuredmedia":[{"embeddable":true,"href":"https:\/\/sacramentoqr.com\/index.php?rest_route=\/wp\/v2\/media\/23150"}],"wp:attachment":[{"href":"https:\/\/sacramentoqr.com\/index.php?rest_route=%2Fwp%2Fv2%2Fmedia&parent=23148"}],"wp:term":[{"taxonomy":"category","embeddable":true,"href":"https:\/\/sacramentoqr.com\/index.php?rest_route=%2Fwp%2Fv2%2Fcategories&post=23148"},{"taxonomy":"post_tag","embeddable":true,"href":"https:\/\/sacramentoqr.com\/index.php?rest_route=%2Fwp%2Fv2%2Ftags&post=23148"}],"curies":[{"name":"wp","href":"https:\/\/api.w.org\/{rel}","templated":true}]}}